{"id":784,"date":"2014-11-27T20:00:05","date_gmt":"2014-11-28T02:00:05","guid":{"rendered":"https:\/\/dieresis.com\/testigo-del-siglo\/"},"modified":"2014-11-27T20:00:05","modified_gmt":"2014-11-28T02:00:05","slug":"testigo-del-siglo","status":"publish","type":"post","link":"https:\/\/dieresis.com\/en\/testigo-del-siglo\/","title":{"rendered":"Testigo del Siglo"},"content":{"rendered":"<!--themify_builder_content-->\n<div id=\"themify_builder_content-784\" data-postid=\"784\" class=\"themify_builder_content themify_builder_content-784 themify_builder tf_clear\">\n    \t\t\t<!-- module_row -->\n\t<div  data-lazy=\"1\" class=\"module_row themify_builder_row tb_5vsn859 tb_first tf_w tf_clearfix\">\n\t    \t\t\t<div class=\"row_inner col_align_top tb_col_count_2 tf_box tf_rel\">\n\t\t            <div  data-lazy=\"1\" class=\"module_column tb-column col4-2 tb_0srv860 first\">\n                                                        <div class=\"tb-column-inner tf_box tf_w\">\n                        <!-- module gallery -->\n<div  class=\"module gallery module-gallery tb_wbjf860 layout-slider  \" data-lazy=\"1\">\n        <div class=\"tf_swiper-container tf_carousel themify_builder_slider tf_rel tf_overflow\"\n\tdata-pager=\"1\"\n\t data-lazy=\"1\"\t\t\tdata-thumbs=\"tb_wbjf860_thumbs\"\n\t\tdata-effect=\"fade\" \n\t\tdata-css_url=\"https:\/\/dieresis.com\/wp-content\/themes\/themify-ultra\/themify\/themify-builder\/css\/modules\/sliders\/carousel.css,https:\/\/dieresis.com\/wp-content\/themes\/themify-ultra\/themify\/themify-builder\/css\/modules\/sliders\/gallery.css\"\n\t\t\tdata-speed=\"1\"\n\tdata-wrapvar=\"1\"\n\tdata-slider_nav=\"0\"\n\tdata-height=\"variable\"\n\t\t>\n\t<div class=\"tf_swiper-wrapper tf_lazy tf_rel tf_w tf_h tf_textc\">\n\t\t\t\t\t<div class=\"tf_swiper-slide\">\n\t\t\t<div class=\"slide-inner-wrap\">\n\t\t\t\t<div class=\"tf_lazy slide-image gallery-icon\"><a href=\"https:\/\/dieresis.com\/wp-content\/uploads\/2021\/11\/SUPERFLEX-Experience-Climate-Change-as-2008-Photo-by-Samantha-Cendejas-1024x683.jpg\" class=\"themify_lightbox\"><img decoding=\"async\" width=\"2560\" height=\"1708\" src=\"https:\/\/dieresis.com\/wp-content\/uploads\/2021\/11\/SUPERFLEX-Experience-Climate-Change-as-2008-Photo-by-Samantha-Cendejas-scaled.jpg\" class=\"wp-post-image wp-image-780\" title=\"SUPERFLEX. Experience Climate Change as..., 2008. Photo by Samantha Cendejas.\" data-tf-not-load=\"1\" alt=\"SUPERFLEX. Experience Climate Change as..., 2008. Photo by Samantha Cendejas.\" srcset=\"https:\/\/dieresis.com\/wp-content\/uploads\/2021\/11\/SUPERFLEX-Experience-Climate-Change-as-2008-Photo-by-Samantha-Cendejas-scaled.jpg 2560w, https:\/\/dieresis.com\/wp-content\/uploads\/2021\/11\/SUPERFLEX-Experience-Climate-Change-as-2008-Photo-by-Samantha-Cendejas-300x200.jpg 300w, https:\/\/dieresis.com\/wp-content\/uploads\/2021\/11\/SUPERFLEX-Experience-Climate-Change-as-2008-Photo-by-Samantha-Cendejas-1024x683.jpg 1024w, https:\/\/dieresis.com\/wp-content\/uploads\/2021\/11\/SUPERFLEX-Experience-Climate-Change-as-2008-Photo-by-Samantha-Cendejas-768x512.jpg 768w, https:\/\/dieresis.com\/wp-content\/uploads\/2021\/11\/SUPERFLEX-Experience-Climate-Change-as-2008-Photo-by-Samantha-Cendejas-1536x1025.jpg 1536w, https:\/\/dieresis.com\/wp-content\/uploads\/2021\/11\/SUPERFLEX-Experience-Climate-Change-as-2008-Photo-by-Samantha-Cendejas-2048x1367.jpg 2048w\" sizes=\"(max-width: 2560px) 100vw, 2560px\" \/><\/a>\t\t\t\t<\/div>\n\t\t\t\t\t\t\t\t\t<div class=\"slide-content tf_opacity tf_texl tf_abs\">\n\t\t\t\t\t\t\n\t\t\t\t\t\t\t\t\t\t\t\t\t<p>SUPERFLEX; Experience Climate Change as&#8230;, 2008. Foto por Samantha Cendejas. <\/p>\n\t\t\t\t\t\t\t\t\t\t\t<\/div><!-- \/slide-content -->\n\t\t\t\t\t\t\t<\/div><\/div>\n\t\t\t\t\t<div class=\"tf_swiper-slide\">\n\t\t\t<div class=\"slide-inner-wrap\">\n\t\t\t\t<div class=\"tf_lazy slide-image gallery-icon\"><a href=\"https:\/\/dieresis.com\/wp-content\/uploads\/2021\/11\/Testigo-del-Siglo-Vista-de-instalacion-Foto-por-Samantha-Cendejas-683x1024.jpg\" class=\"themify_lightbox\"><img decoding=\"async\" width=\"1709\" height=\"2560\" src=\"https:\/\/dieresis.com\/wp-content\/uploads\/2021\/11\/Testigo-del-Siglo-Vista-de-instalacion-Foto-por-Samantha-Cendejas-scaled.jpg\" class=\"wp-post-image wp-image-782\" title=\"Testigo del Siglo. Vista de instalaci\u00f3n. Foto por Samantha Cendejas.\" data-tf-not-load=\"1\" alt=\"Testigo del Siglo. Vista de instalaci\u00f3n. Foto por Samantha Cendejas.\" srcset=\"https:\/\/dieresis.com\/wp-content\/uploads\/2021\/11\/Testigo-del-Siglo-Vista-de-instalacion-Foto-por-Samantha-Cendejas-scaled.jpg 1709w, https:\/\/dieresis.com\/wp-content\/uploads\/2021\/11\/Testigo-del-Siglo-Vista-de-instalacion-Foto-por-Samantha-Cendejas-200x300.jpg 200w, https:\/\/dieresis.com\/wp-content\/uploads\/2021\/11\/Testigo-del-Siglo-Vista-de-instalacion-Foto-por-Samantha-Cendejas-683x1024.jpg 683w, https:\/\/dieresis.com\/wp-content\/uploads\/2021\/11\/Testigo-del-Siglo-Vista-de-instalacion-Foto-por-Samantha-Cendejas-768x1151.jpg 768w, https:\/\/dieresis.com\/wp-content\/uploads\/2021\/11\/Testigo-del-Siglo-Vista-de-instalacion-Foto-por-Samantha-Cendejas-1025x1536.jpg 1025w, https:\/\/dieresis.com\/wp-content\/uploads\/2021\/11\/Testigo-del-Siglo-Vista-de-instalacion-Foto-por-Samantha-Cendejas-1367x2048.jpg 1367w\" sizes=\"(max-width: 1709px) 100vw, 1709px\" \/><\/a>\t\t\t\t<\/div>\n\t\t\t\t\t\t\t\t\t<div class=\"slide-content tf_opacity tf_texl tf_abs\">\n\t\t\t\t\t\t\n\t\t\t\t\t\t\t\t\t\t\t\t\t<p>Exhibition view. Photo by Samantha Cendejas. <\/p>\n\t\t\t\t\t\t\t\t\t\t\t<\/div><!-- \/slide-content -->\n\t\t\t\t\t\t\t<\/div><\/div>\n\t\t\t<\/div>\n<\/div>\n    <\/div>\n<!-- \/module gallery -->                    <\/div><!-- .tb-column-inner -->\n                            <\/div><!-- .module_column -->\n                        <div  data-lazy=\"1\" class=\"module_column tb-column col4-2 tb_ci6h861 last\">\n                                                        <div class=\"tb-column-inner tf_box tf_w\">\n                        <!-- module text -->\n<div  class=\"module module-text tb_eoob861   \" data-lazy=\"1\">\n        <div  class=\"tb_text_wrap\">\n    <h2><i>Testigo del Siglo.<\/i><br \/>(Guadalajara, M\u00e9xico, Noviembre 2014 \u2013 Abril 2015)<br \/>Museo de Arte de Zapopan.<\/h2><p>Testigo del Siglo an exhibition curated by Viviana Kuri and Humberto Moro proposes a reflection on the problems of the environment and ecological urgency through the analysis of the habits of modern man. The accumulation, compulsion, abuse, excessive consumption, loss of subjectivity to the uniformity of thought, the generation of waste and obsolescence are some of the topics addressed century Witness and poses as symptoms of the diseases of man of our time.<\/p><div class=\"small-body\"><a href=\"https:\/\/maz.zapopan.gob.mx\/portfolio_page\/testigo-del-siglo\/\" target=\"_blank\" rel=\"noopener\">M\u00e1s Informaci\u00f3n<\/a><\/div>    <\/div>\n<\/div>\n<!-- \/module text -->                    <\/div><!-- .tb-column-inner -->\n                            <\/div><!-- .module_column -->\n            \t    <\/div><!-- .row_inner -->\n\t<\/div><!-- .module_row -->\n\t<\/div>\n<!--\/themify_builder_content-->\n","protected":false},"excerpt":{"rendered":"<p>(Guadalajara, M\u00e9xico, November 2014 \u2013 April 2015)<br \/>\nMuseo de Arte de Zapopan.<\/p>\n","protected":false},"author":2,"featured_media":197,"comment_status":"open","ping_status":"open","sticky":false,"template":"","format":"standard","meta":{"footnotes":""},"categories":[11],"tags":[],"class_list":["post-784","post","type-post","status-publish","format-standard","has-post-thumbnail","hentry","category-news","has-post-title","has-post-date","has-post-category","has-post-tag","has-post-comment","has-post-author",""],"yoast_head":"<!-- This site is optimized with the Yoast SEO plugin v20.10 - https:\/\/yoast.com\/wordpress\/plugins\/seo\/ -->\n<title>Testigo del Siglo - Colecci\u00f3n Di\u00e9resis<\/title>\n<meta name=\"robots\" content=\"index, follow, max-snippet:-1, max-image-preview:large, max-video-preview:-1\" \/>\n<link rel=\"canonical\" href=\"https:\/\/dieresis.com\/en\/testigo-del-siglo\/\" \/>\n<meta property=\"og:locale\" content=\"en_US\" \/>\n<meta property=\"og:type\" content=\"article\" \/>\n<meta property=\"og:title\" content=\"Testigo del Siglo - Colecci\u00f3n Di\u00e9resis\" \/>\n<meta property=\"og:description\" content=\"(Guadalajara, M\u00e9xico, November 2014 \u2013 April 2015) Museo de Arte de Zapopan.\" \/>\n<meta property=\"og:url\" content=\"https:\/\/dieresis.com\/en\/testigo-del-siglo\/\" \/>\n<meta property=\"og:site_name\" content=\"Colecci\u00f3n Di\u00e9resis\" \/>\n<meta property=\"article:published_time\" content=\"2014-11-28T02:00:05+00:00\" \/>\n<meta property=\"og:image\" content=\"https:\/\/dieresis.com\/wp-content\/uploads\/2021\/10\/Testigo-del-Siglo.jpg\" \/>\n\t<meta property=\"og:image:width\" content=\"600\" \/>\n\t<meta property=\"og:image:height\" content=\"380\" \/>\n\t<meta property=\"og:image:type\" content=\"image\/jpeg\" \/>\n<meta name=\"author\" content=\"dieradmesis\" \/>\n<meta name=\"twitter:card\" content=\"summary_large_image\" \/>\n<meta name=\"twitter:label1\" content=\"Written by\" \/>\n\t<meta name=\"twitter:data1\" content=\"dieradmesis\" \/>\n<script type=\"application\/ld+json\" class=\"yoast-schema-graph\">{\"@context\":\"https:\/\/schema.org\",\"@graph\":[{\"@type\":\"WebPage\",\"@id\":\"https:\/\/dieresis.com\/en\/testigo-del-siglo\/\",\"url\":\"https:\/\/dieresis.com\/en\/testigo-del-siglo\/\",\"name\":\"Testigo del Siglo - Colecci\u00f3n Di\u00e9resis\",\"isPartOf\":{\"@id\":\"https:\/\/dieresis.com\/en\/#website\"},\"datePublished\":\"2014-11-28T02:00:05+00:00\",\"dateModified\":\"2014-11-28T02:00:05+00:00\",\"author\":{\"@id\":\"https:\/\/dieresis.com\/en\/#\/schema\/person\/f07ebb4a0bf70a8625b9c30b2b0c6f96\"},\"breadcrumb\":{\"@id\":\"https:\/\/dieresis.com\/en\/testigo-del-siglo\/#breadcrumb\"},\"inLanguage\":\"en-US\",\"potentialAction\":[{\"@type\":\"ReadAction\",\"target\":[\"https:\/\/dieresis.com\/en\/testigo-del-siglo\/\"]}]},{\"@type\":\"BreadcrumbList\",\"@id\":\"https:\/\/dieresis.com\/en\/testigo-del-siglo\/#breadcrumb\",\"itemListElement\":[{\"@type\":\"ListItem\",\"position\":1,\"name\":\"Home\",\"item\":\"https:\/\/dieresis.com\/en\/\"},{\"@type\":\"ListItem\",\"position\":2,\"name\":\"Testigo del Siglo\"}]},{\"@type\":\"WebSite\",\"@id\":\"https:\/\/dieresis.com\/en\/#website\",\"url\":\"https:\/\/dieresis.com\/en\/\",\"name\":\"Colecci\u00f3n Di\u00e9resis\",\"description\":\"Arte Contempor\u00e1neo\",\"potentialAction\":[{\"@type\":\"SearchAction\",\"target\":{\"@type\":\"EntryPoint\",\"urlTemplate\":\"https:\/\/dieresis.com\/en\/?s={search_term_string}\"},\"query-input\":\"required name=search_term_string\"}],\"inLanguage\":\"en-US\"},{\"@type\":\"Person\",\"@id\":\"https:\/\/dieresis.com\/en\/#\/schema\/person\/f07ebb4a0bf70a8625b9c30b2b0c6f96\",\"name\":\"dieradmesis\",\"image\":{\"@type\":\"ImageObject\",\"inLanguage\":\"en-US\",\"@id\":\"https:\/\/dieresis.com\/en\/#\/schema\/person\/image\/\",\"url\":\"https:\/\/secure.gravatar.com\/avatar\/f0e2d1fc01ac98fe842749657eaa45ec0df66ed605ccb8f6ece3012942796079?s=96&d=mm&r=g\",\"contentUrl\":\"https:\/\/secure.gravatar.com\/avatar\/f0e2d1fc01ac98fe842749657eaa45ec0df66ed605ccb8f6ece3012942796079?s=96&d=mm&r=g\",\"caption\":\"dieradmesis\"},\"sameAs\":[\"https:\/\/dieresis.com\"],\"url\":\"https:\/\/dieresis.com\/en\/author\/dieradmesis\/\"}]}<\/script>\n<!-- \/ Yoast SEO plugin. -->","yoast_head_json":{"title":"Testigo del Siglo - Colecci\u00f3n Di\u00e9resis","robots":{"index":"index","follow":"follow","max-snippet":"max-snippet:-1","max-image-preview":"max-image-preview:large","max-video-preview":"max-video-preview:-1"},"canonical":"https:\/\/dieresis.com\/en\/testigo-del-siglo\/","og_locale":"en_US","og_type":"article","og_title":"Testigo del Siglo - Colecci\u00f3n Di\u00e9resis","og_description":"(Guadalajara, M\u00e9xico, November 2014 \u2013 April 2015) Museo de Arte de Zapopan.","og_url":"https:\/\/dieresis.com\/en\/testigo-del-siglo\/","og_site_name":"Colecci\u00f3n Di\u00e9resis","article_published_time":"2014-11-28T02:00:05+00:00","og_image":[{"width":600,"height":380,"url":"https:\/\/dieresis.com\/wp-content\/uploads\/2021\/10\/Testigo-del-Siglo.jpg","type":"image\/jpeg"}],"author":"dieradmesis","twitter_card":"summary_large_image","twitter_misc":{"Written by":"dieradmesis"},"schema":{"@context":"https:\/\/schema.org","@graph":[{"@type":"WebPage","@id":"https:\/\/dieresis.com\/en\/testigo-del-siglo\/","url":"https:\/\/dieresis.com\/en\/testigo-del-siglo\/","name":"Testigo del Siglo - Colecci\u00f3n Di\u00e9resis","isPartOf":{"@id":"https:\/\/dieresis.com\/en\/#website"},"datePublished":"2014-11-28T02:00:05+00:00","dateModified":"2014-11-28T02:00:05+00:00","author":{"@id":"https:\/\/dieresis.com\/en\/#\/schema\/person\/f07ebb4a0bf70a8625b9c30b2b0c6f96"},"breadcrumb":{"@id":"https:\/\/dieresis.com\/en\/testigo-del-siglo\/#breadcrumb"},"inLanguage":"en-US","potentialAction":[{"@type":"ReadAction","target":["https:\/\/dieresis.com\/en\/testigo-del-siglo\/"]}]},{"@type":"BreadcrumbList","@id":"https:\/\/dieresis.com\/en\/testigo-del-siglo\/#breadcrumb","itemListElement":[{"@type":"ListItem","position":1,"name":"Home","item":"https:\/\/dieresis.com\/en\/"},{"@type":"ListItem","position":2,"name":"Testigo del Siglo"}]},{"@type":"WebSite","@id":"https:\/\/dieresis.com\/en\/#website","url":"https:\/\/dieresis.com\/en\/","name":"Colecci\u00f3n Di\u00e9resis","description":"Arte Contempor\u00e1neo","potentialAction":[{"@type":"SearchAction","target":{"@type":"EntryPoint","urlTemplate":"https:\/\/dieresis.com\/en\/?s={search_term_string}"},"query-input":"required name=search_term_string"}],"inLanguage":"en-US"},{"@type":"Person","@id":"https:\/\/dieresis.com\/en\/#\/schema\/person\/f07ebb4a0bf70a8625b9c30b2b0c6f96","name":"dieradmesis","image":{"@type":"ImageObject","inLanguage":"en-US","@id":"https:\/\/dieresis.com\/en\/#\/schema\/person\/image\/","url":"https:\/\/secure.gravatar.com\/avatar\/f0e2d1fc01ac98fe842749657eaa45ec0df66ed605ccb8f6ece3012942796079?s=96&d=mm&r=g","contentUrl":"https:\/\/secure.gravatar.com\/avatar\/f0e2d1fc01ac98fe842749657eaa45ec0df66ed605ccb8f6ece3012942796079?s=96&d=mm&r=g","caption":"dieradmesis"},"sameAs":["https:\/\/dieresis.com"],"url":"https:\/\/dieresis.com\/en\/author\/dieradmesis\/"}]}},"_links":{"self":[{"href":"https:\/\/dieresis.com\/en\/wp-json\/wp\/v2\/posts\/784","targetHints":{"allow":["GET"]}}],"collection":[{"href":"https:\/\/dieresis.com\/en\/wp-json\/wp\/v2\/posts"}],"about":[{"href":"https:\/\/dieresis.com\/en\/wp-json\/wp\/v2\/types\/post"}],"author":[{"embeddable":true,"href":"https:\/\/dieresis.com\/en\/wp-json\/wp\/v2\/users\/2"}],"replies":[{"embeddable":true,"href":"https:\/\/dieresis.com\/en\/wp-json\/wp\/v2\/comments?post=784"}],"version-history":[{"count":0,"href":"https:\/\/dieresis.com\/en\/wp-json\/wp\/v2\/posts\/784\/revisions"}],"wp:featuredmedia":[{"embeddable":true,"href":"https:\/\/dieresis.com\/en\/wp-json\/wp\/v2\/media\/197"}],"wp:attachment":[{"href":"https:\/\/dieresis.com\/en\/wp-json\/wp\/v2\/media?parent=784"}],"wp:term":[{"taxonomy":"category","embeddable":true,"href":"https:\/\/dieresis.com\/en\/wp-json\/wp\/v2\/categories?post=784"},{"taxonomy":"post_tag","embeddable":true,"href":"https:\/\/dieresis.com\/en\/wp-json\/wp\/v2\/tags?post=784"}],"curies":[{"name":"wp","href":"https:\/\/api.w.org\/{rel}","templated":true}]}}