{"id":759,"date":"2014-05-17T20:00:41","date_gmt":"2014-05-18T01:00:41","guid":{"rendered":"https:\/\/dieresis.com\/eduardo-sarabia\/"},"modified":"2014-05-17T20:00:41","modified_gmt":"2014-05-18T01:00:41","slug":"eduardo-sarabia","status":"publish","type":"post","link":"https:\/\/dieresis.com\/en\/eduardo-sarabia\/","title":{"rendered":"Eduardo Sarabia"},"content":{"rendered":"<!--themify_builder_content-->\n<div id=\"themify_builder_content-759\" data-postid=\"759\" class=\"themify_builder_content themify_builder_content-759 themify_builder tf_clear\">\n    \t\t\t<!-- module_row -->\n\t<div  data-lazy=\"1\" class=\"module_row themify_builder_row tb_5vsn859 tb_first tf_w tf_clearfix\">\n\t    \t\t\t<div class=\"row_inner col_align_top tb_col_count_2 tf_box tf_rel\">\n\t\t            <div  data-lazy=\"1\" class=\"module_column tb-column col4-2 tb_0srv860 first\">\n                                                        <div class=\"tb-column-inner tf_box tf_w\">\n                        <!-- module gallery -->\n<div  class=\"module gallery module-gallery tb_wbjf860 layout-slider  \" data-lazy=\"1\">\n        <div class=\"tf_swiper-container tf_carousel themify_builder_slider tf_rel tf_overflow\"\n\tdata-pager=\"1\"\n\t data-lazy=\"1\"\t\t\tdata-thumbs=\"tb_wbjf860_thumbs\"\n\t\tdata-effect=\"fade\" \n\t\tdata-css_url=\"https:\/\/dieresis.com\/wp-content\/themes\/themify-ultra\/themify\/themify-builder\/css\/modules\/sliders\/carousel.css,https:\/\/dieresis.com\/wp-content\/themes\/themify-ultra\/themify\/themify-builder\/css\/modules\/sliders\/gallery.css\"\n\t\t\tdata-speed=\"1\"\n\tdata-wrapvar=\"1\"\n\tdata-slider_nav=\"0\"\n\tdata-height=\"variable\"\n\t\t>\n\t<div class=\"tf_swiper-wrapper tf_lazy tf_rel tf_w tf_h tf_textc\">\n\t\t\t\t\t<div class=\"tf_swiper-slide\">\n\t\t\t<div class=\"slide-inner-wrap\">\n\t\t\t\t<div class=\"tf_lazy slide-image gallery-icon\"><a href=\"https:\/\/dieresis.com\/wp-content\/uploads\/2021\/11\/Eduardo-Sarabia-17-Festival-Cultural-de-Mayo-ICC-2014-01-1024x682.jpg\" class=\"themify_lightbox\"><img decoding=\"async\" width=\"1490\" height=\"993\" src=\"https:\/\/dieresis.com\/wp-content\/uploads\/2021\/11\/Eduardo-Sarabia-17-Festival-Cultural-de-Mayo-ICC-2014-01.jpg\" class=\"wp-post-image wp-image-747\" title=\"Eduardo Sarabia en el Instituto Cultural Caba\u00f1as, 2014. 17\u00ba Festival Cultural de Mayo.\" data-tf-not-load=\"1\" alt=\"Eduardo Sarabia en el Instituto Cultural Caba\u00f1as, 2014. 17\u00ba Festival Cultural de Mayo.\" srcset=\"https:\/\/dieresis.com\/wp-content\/uploads\/2021\/11\/Eduardo-Sarabia-17-Festival-Cultural-de-Mayo-ICC-2014-01.jpg 1490w, https:\/\/dieresis.com\/wp-content\/uploads\/2021\/11\/Eduardo-Sarabia-17-Festival-Cultural-de-Mayo-ICC-2014-01-300x200.jpg 300w, https:\/\/dieresis.com\/wp-content\/uploads\/2021\/11\/Eduardo-Sarabia-17-Festival-Cultural-de-Mayo-ICC-2014-01-1024x682.jpg 1024w, https:\/\/dieresis.com\/wp-content\/uploads\/2021\/11\/Eduardo-Sarabia-17-Festival-Cultural-de-Mayo-ICC-2014-01-768x512.jpg 768w\" sizes=\"(max-width: 1490px) 100vw, 1490px\" \/><\/a>\t\t\t\t<\/div>\n\t\t\t\t\t\t\t\t\t<div class=\"slide-content tf_opacity tf_texl tf_abs\">\n\t\t\t\t\t\t\n\t\t\t\t\t\t\t\t\t\t\t\t\t<p>Image: Instituto Cultural Caba\u00f1as Courtesy.<\/p>\n\t\t\t\t\t\t\t\t\t\t\t<\/div><!-- \/slide-content -->\n\t\t\t\t\t\t\t<\/div><\/div>\n\t\t\t\t\t<div class=\"tf_swiper-slide\">\n\t\t\t<div class=\"slide-inner-wrap\">\n\t\t\t\t<div class=\"tf_lazy slide-image gallery-icon\"><a href=\"https:\/\/dieresis.com\/wp-content\/uploads\/2021\/11\/Eduardo-Sarabia-17-Festival-Cultural-de-Mayo-ICC-2014-02-1024x682.jpg\" class=\"themify_lightbox\"><img decoding=\"async\" width=\"1493\" height=\"995\" src=\"https:\/\/dieresis.com\/wp-content\/uploads\/2021\/11\/Eduardo-Sarabia-17-Festival-Cultural-de-Mayo-ICC-2014-02.jpg\" class=\"wp-post-image wp-image-749\" title=\"Eduardo Sarabia en el Instituto Cultural Caba\u00f1as, 2014. 17\u00ba Festival Cultural de Mayo.\" data-tf-not-load=\"1\" alt=\"Eduardo Sarabia en el Instituto Cultural Caba\u00f1as, 2014. 17\u00ba Festival Cultural de Mayo.\" srcset=\"https:\/\/dieresis.com\/wp-content\/uploads\/2021\/11\/Eduardo-Sarabia-17-Festival-Cultural-de-Mayo-ICC-2014-02.jpg 1493w, https:\/\/dieresis.com\/wp-content\/uploads\/2021\/11\/Eduardo-Sarabia-17-Festival-Cultural-de-Mayo-ICC-2014-02-300x200.jpg 300w, https:\/\/dieresis.com\/wp-content\/uploads\/2021\/11\/Eduardo-Sarabia-17-Festival-Cultural-de-Mayo-ICC-2014-02-1024x682.jpg 1024w, https:\/\/dieresis.com\/wp-content\/uploads\/2021\/11\/Eduardo-Sarabia-17-Festival-Cultural-de-Mayo-ICC-2014-02-768x512.jpg 768w\" sizes=\"(max-width: 1493px) 100vw, 1493px\" \/><\/a>\t\t\t\t<\/div>\n\t\t\t\t\t\t\t\t\t<div class=\"slide-content tf_opacity tf_texl tf_abs\">\n\t\t\t\t\t\t\n\t\t\t\t\t\t\t\t\t\t\t\t\t<p>Image: Instituto Cultural Caba\u00f1as Courtesy.<\/p>\n\t\t\t\t\t\t\t\t\t\t\t<\/div><!-- \/slide-content -->\n\t\t\t\t\t\t\t<\/div><\/div>\n\t\t\t\t\t<div class=\"tf_swiper-slide\">\n\t\t\t<div class=\"slide-inner-wrap\">\n\t\t\t\t<div class=\"tf_lazy slide-image gallery-icon\"><a href=\"https:\/\/dieresis.com\/wp-content\/uploads\/2021\/11\/Eduardo-Sarabia-17-Festival-Cultural-de-Mayo-ICC-2014-03-1024x684.jpg\" class=\"themify_lightbox\"><img decoding=\"async\" width=\"1492\" height=\"997\" src=\"https:\/\/dieresis.com\/wp-content\/uploads\/2021\/11\/Eduardo-Sarabia-17-Festival-Cultural-de-Mayo-ICC-2014-03.jpg\" class=\"wp-post-image wp-image-751\" title=\"Eduardo Sarabia en el Instituto Cultural Caba\u00f1as, 2014. 17\u00ba Festival Cultural de Mayo.\" data-tf-not-load=\"1\" alt=\"Eduardo Sarabia en el Instituto Cultural Caba\u00f1as, 2014. 17\u00ba Festival Cultural de Mayo.\" srcset=\"https:\/\/dieresis.com\/wp-content\/uploads\/2021\/11\/Eduardo-Sarabia-17-Festival-Cultural-de-Mayo-ICC-2014-03.jpg 1492w, https:\/\/dieresis.com\/wp-content\/uploads\/2021\/11\/Eduardo-Sarabia-17-Festival-Cultural-de-Mayo-ICC-2014-03-300x200.jpg 300w, https:\/\/dieresis.com\/wp-content\/uploads\/2021\/11\/Eduardo-Sarabia-17-Festival-Cultural-de-Mayo-ICC-2014-03-1024x684.jpg 1024w, https:\/\/dieresis.com\/wp-content\/uploads\/2021\/11\/Eduardo-Sarabia-17-Festival-Cultural-de-Mayo-ICC-2014-03-768x513.jpg 768w\" sizes=\"(max-width: 1492px) 100vw, 1492px\" \/><\/a>\t\t\t\t<\/div>\n\t\t\t\t\t\t\t\t\t<div class=\"slide-content tf_opacity tf_texl tf_abs\">\n\t\t\t\t\t\t\n\t\t\t\t\t\t\t\t\t\t\t\t\t<p>Image: Instituto Cultural Caba\u00f1as Courtesy.<\/p>\n\t\t\t\t\t\t\t\t\t\t\t<\/div><!-- \/slide-content -->\n\t\t\t\t\t\t\t<\/div><\/div>\n\t\t\t\t\t<div class=\"tf_swiper-slide\">\n\t\t\t<div class=\"slide-inner-wrap\">\n\t\t\t\t<div class=\"tf_lazy slide-image gallery-icon\"><a href=\"https:\/\/dieresis.com\/wp-content\/uploads\/2021\/11\/Eduardo-Sarabia-17-Festival-Cultural-de-Mayo-ICC-2014-04-1024x684.jpg\" class=\"themify_lightbox\"><img decoding=\"async\" width=\"1494\" height=\"998\" src=\"https:\/\/dieresis.com\/wp-content\/uploads\/2021\/11\/Eduardo-Sarabia-17-Festival-Cultural-de-Mayo-ICC-2014-04.jpg\" class=\"wp-post-image wp-image-753\" title=\"Eduardo Sarabia en el Instituto Cultural Caba\u00f1as, 2014. 17\u00ba Festival Cultural de Mayo.\" data-tf-not-load=\"1\" alt=\"Eduardo Sarabia en el Instituto Cultural Caba\u00f1as, 2014. 17\u00ba Festival Cultural de Mayo.\" srcset=\"https:\/\/dieresis.com\/wp-content\/uploads\/2021\/11\/Eduardo-Sarabia-17-Festival-Cultural-de-Mayo-ICC-2014-04.jpg 1494w, https:\/\/dieresis.com\/wp-content\/uploads\/2021\/11\/Eduardo-Sarabia-17-Festival-Cultural-de-Mayo-ICC-2014-04-300x200.jpg 300w, https:\/\/dieresis.com\/wp-content\/uploads\/2021\/11\/Eduardo-Sarabia-17-Festival-Cultural-de-Mayo-ICC-2014-04-1024x684.jpg 1024w, https:\/\/dieresis.com\/wp-content\/uploads\/2021\/11\/Eduardo-Sarabia-17-Festival-Cultural-de-Mayo-ICC-2014-04-768x513.jpg 768w\" sizes=\"(max-width: 1494px) 100vw, 1494px\" \/><\/a>\t\t\t\t<\/div>\n\t\t\t\t\t\t\t\t\t<div class=\"slide-content tf_opacity tf_texl tf_abs\">\n\t\t\t\t\t\t\n\t\t\t\t\t\t\t\t\t\t\t\t\t<p>Image: Instituto Cultural Caba\u00f1as Courtesy.<\/p>\n\t\t\t\t\t\t\t\t\t\t\t<\/div><!-- \/slide-content -->\n\t\t\t\t\t\t\t<\/div><\/div>\n\t\t\t\t\t<div class=\"tf_swiper-slide\">\n\t\t\t<div class=\"slide-inner-wrap\">\n\t\t\t\t<div class=\"tf_lazy slide-image gallery-icon\"><a href=\"https:\/\/dieresis.com\/wp-content\/uploads\/2021\/11\/Eduardo-Sarabia-17-Festival-Cultural-de-Mayo-ICC-2014-05-1024x685.jpg\" class=\"themify_lightbox\"><img decoding=\"async\" width=\"1492\" height=\"998\" src=\"https:\/\/dieresis.com\/wp-content\/uploads\/2021\/11\/Eduardo-Sarabia-17-Festival-Cultural-de-Mayo-ICC-2014-05.jpg\" class=\"wp-post-image wp-image-755\" title=\"Eduardo Sarabia en el Instituto Cultural Caba\u00f1as, 2014. 17\u00ba Festival Cultural de Mayo.\" data-tf-not-load=\"1\" alt=\"Eduardo Sarabia en el Instituto Cultural Caba\u00f1as, 2014. 17\u00ba Festival Cultural de Mayo.\" srcset=\"https:\/\/dieresis.com\/wp-content\/uploads\/2021\/11\/Eduardo-Sarabia-17-Festival-Cultural-de-Mayo-ICC-2014-05.jpg 1492w, https:\/\/dieresis.com\/wp-content\/uploads\/2021\/11\/Eduardo-Sarabia-17-Festival-Cultural-de-Mayo-ICC-2014-05-300x201.jpg 300w, https:\/\/dieresis.com\/wp-content\/uploads\/2021\/11\/Eduardo-Sarabia-17-Festival-Cultural-de-Mayo-ICC-2014-05-1024x685.jpg 1024w, https:\/\/dieresis.com\/wp-content\/uploads\/2021\/11\/Eduardo-Sarabia-17-Festival-Cultural-de-Mayo-ICC-2014-05-768x514.jpg 768w\" sizes=\"(max-width: 1492px) 100vw, 1492px\" \/><\/a>\t\t\t\t<\/div>\n\t\t\t\t\t\t\t\t\t<div class=\"slide-content tf_opacity tf_texl tf_abs\">\n\t\t\t\t\t\t\n\t\t\t\t\t\t\t\t\t\t\t\t\t<p>Image: Instituto Cultural Caba\u00f1as Courtesy.<\/p>\n\t\t\t\t\t\t\t\t\t\t\t<\/div><!-- \/slide-content -->\n\t\t\t\t\t\t\t<\/div><\/div>\n\t\t\t\t\t<div class=\"tf_swiper-slide\">\n\t\t\t<div class=\"slide-inner-wrap\">\n\t\t\t\t<div class=\"tf_lazy slide-image gallery-icon\"><a href=\"https:\/\/dieresis.com\/wp-content\/uploads\/2021\/11\/Eduardo-Sarabia-17-Festival-Cultural-de-Mayo-ICC-2014-06-1024x682.jpg\" class=\"themify_lightbox\"><img decoding=\"async\" width=\"1493\" height=\"994\" src=\"https:\/\/dieresis.com\/wp-content\/uploads\/2021\/11\/Eduardo-Sarabia-17-Festival-Cultural-de-Mayo-ICC-2014-06.jpg\" class=\"wp-post-image wp-image-757\" title=\"Eduardo Sarabia en el Instituto Cultural Caba\u00f1as, 2014. 17\u00ba Festival Cultural de Mayo.\" data-tf-not-load=\"1\" alt=\"Eduardo Sarabia en el Instituto Cultural Caba\u00f1as, 2014. 17\u00ba Festival Cultural de Mayo.\" srcset=\"https:\/\/dieresis.com\/wp-content\/uploads\/2021\/11\/Eduardo-Sarabia-17-Festival-Cultural-de-Mayo-ICC-2014-06.jpg 1493w, https:\/\/dieresis.com\/wp-content\/uploads\/2021\/11\/Eduardo-Sarabia-17-Festival-Cultural-de-Mayo-ICC-2014-06-300x200.jpg 300w, https:\/\/dieresis.com\/wp-content\/uploads\/2021\/11\/Eduardo-Sarabia-17-Festival-Cultural-de-Mayo-ICC-2014-06-1024x682.jpg 1024w, https:\/\/dieresis.com\/wp-content\/uploads\/2021\/11\/Eduardo-Sarabia-17-Festival-Cultural-de-Mayo-ICC-2014-06-768x511.jpg 768w\" sizes=\"(max-width: 1493px) 100vw, 1493px\" \/><\/a>\t\t\t\t<\/div>\n\t\t\t\t\t\t\t\t\t<div class=\"slide-content tf_opacity tf_texl tf_abs\">\n\t\t\t\t\t\t\n\t\t\t\t\t\t\t\t\t\t\t\t\t<p>Image: Instituto Cultural Caba\u00f1as Courtesy.<\/p>\n\t\t\t\t\t\t\t\t\t\t\t<\/div><!-- \/slide-content -->\n\t\t\t\t\t\t\t<\/div><\/div>\n\t\t\t<\/div>\n<\/div>\n    <\/div>\n<!-- \/module gallery -->                    <\/div><!-- .tb-column-inner -->\n                            <\/div><!-- .module_column -->\n                        <div  data-lazy=\"1\" class=\"module_column tb-column col4-2 tb_ci6h861 last\">\n                                                        <div class=\"tb-column-inner tf_box tf_w\">\n                        <!-- module text -->\n<div  class=\"module module-text tb_eoob861   \" data-lazy=\"1\">\n        <div  class=\"tb_text_wrap\">\n    <h2><i>Eduardo Sarabia<\/i><br \/>(Guadalajara, M\u00e9xico, May \u2013 August 2014)<br \/>Instituto Cultural Caba\u00f1as<\/h2><p>Within the 17th Festival Cultural de Mayo the exhibition Eduardo Sarabia was presented at Instituto Cultural Caba\u00f1as. The exhibition harbored from May 17 to August 17, 2014 presented more than 100 pieces in various formats &#8211; including sculpture, painting, drawing , photography and video &#8211; that the artist born in Los Angeles has made \u200b\u200bover the last ten years.<\/p>\r\n<p>Through its curatorial and museographic design, in charge of C\u00e9sar Garc\u00eda, a narrative that spanned seven rooms of the cultural precinct was created. Stories about cultural identity in a globalized world and the social, cultural and material exchanges between fine arts, Mexican and American culture and its relation to drug trafficking, allow to understand the imagery of the artist who seeks to compare and explore current relations between these elements with traces of fantasy, dreams and reality.<\/p><div class=\"small-body\"><a href=\"https:\/\/www.festivaldemayo.org\/fcmj2014\/galeria_sarabia.htm\" target=\"_blank\" rel=\"noopener\">M\u00e1s Informaci\u00f3n<\/a><\/div>    <\/div>\n<\/div>\n<!-- \/module text -->                    <\/div><!-- .tb-column-inner -->\n                            <\/div><!-- .module_column -->\n            \t    <\/div><!-- .row_inner -->\n\t<\/div><!-- .module_row -->\n\t<\/div>\n<!--\/themify_builder_content-->\n","protected":false},"excerpt":{"rendered":"<p>(Guadalajara, M\u00e9xico, May \u2013 August 2014)<br \/>\nInstituto Cultural Caba\u00f1as.<\/p>\n","protected":false},"author":2,"featured_media":183,"comment_status":"open","ping_status":"open","sticky":false,"template":"","format":"standard","meta":{"footnotes":""},"categories":[11],"tags":[],"class_list":["post-759","post","type-post","status-publish","format-standard","has-post-thumbnail","hentry","category-news","has-post-title","has-post-date","has-post-category","has-post-tag","has-post-comment","has-post-author",""],"yoast_head":"<!-- This site is optimized with the Yoast SEO plugin v20.10 - https:\/\/yoast.com\/wordpress\/plugins\/seo\/ -->\n<title>Eduardo Sarabia - Colecci\u00f3n Di\u00e9resis<\/title>\n<meta name=\"robots\" content=\"index, follow, max-snippet:-1, max-image-preview:large, max-video-preview:-1\" \/>\n<link rel=\"canonical\" href=\"https:\/\/dieresis.com\/en\/eduardo-sarabia\/\" \/>\n<meta property=\"og:locale\" content=\"en_US\" \/>\n<meta property=\"og:type\" content=\"article\" \/>\n<meta property=\"og:title\" content=\"Eduardo Sarabia - Colecci\u00f3n Di\u00e9resis\" \/>\n<meta property=\"og:description\" content=\"(Guadalajara, M\u00e9xico, May \u2013 August 2014) Instituto Cultural Caba\u00f1as.\" \/>\n<meta property=\"og:url\" content=\"https:\/\/dieresis.com\/en\/eduardo-sarabia\/\" \/>\n<meta property=\"og:site_name\" content=\"Colecci\u00f3n Di\u00e9resis\" \/>\n<meta property=\"article:published_time\" content=\"2014-05-18T01:00:41+00:00\" \/>\n<meta property=\"og:image\" content=\"https:\/\/dieresis.com\/wp-content\/uploads\/2021\/10\/Eduardo-Sarabia-Guadalajara-2014-Instituto-Cultural-Cabanas.jpg\" \/>\n\t<meta property=\"og:image:width\" content=\"600\" \/>\n\t<meta property=\"og:image:height\" content=\"380\" \/>\n\t<meta property=\"og:image:type\" content=\"image\/jpeg\" \/>\n<meta name=\"author\" content=\"dieradmesis\" \/>\n<meta name=\"twitter:card\" content=\"summary_large_image\" \/>\n<meta name=\"twitter:label1\" content=\"Written by\" \/>\n\t<meta name=\"twitter:data1\" content=\"dieradmesis\" \/>\n<script type=\"application\/ld+json\" class=\"yoast-schema-graph\">{\"@context\":\"https:\/\/schema.org\",\"@graph\":[{\"@type\":\"WebPage\",\"@id\":\"https:\/\/dieresis.com\/en\/eduardo-sarabia\/\",\"url\":\"https:\/\/dieresis.com\/en\/eduardo-sarabia\/\",\"name\":\"Eduardo Sarabia - Colecci\u00f3n Di\u00e9resis\",\"isPartOf\":{\"@id\":\"https:\/\/dieresis.com\/en\/#website\"},\"datePublished\":\"2014-05-18T01:00:41+00:00\",\"dateModified\":\"2014-05-18T01:00:41+00:00\",\"author\":{\"@id\":\"https:\/\/dieresis.com\/en\/#\/schema\/person\/f07ebb4a0bf70a8625b9c30b2b0c6f96\"},\"breadcrumb\":{\"@id\":\"https:\/\/dieresis.com\/en\/eduardo-sarabia\/#breadcrumb\"},\"inLanguage\":\"en-US\",\"potentialAction\":[{\"@type\":\"ReadAction\",\"target\":[\"https:\/\/dieresis.com\/en\/eduardo-sarabia\/\"]}]},{\"@type\":\"BreadcrumbList\",\"@id\":\"https:\/\/dieresis.com\/en\/eduardo-sarabia\/#breadcrumb\",\"itemListElement\":[{\"@type\":\"ListItem\",\"position\":1,\"name\":\"Home\",\"item\":\"https:\/\/dieresis.com\/en\/\"},{\"@type\":\"ListItem\",\"position\":2,\"name\":\"Eduardo Sarabia\"}]},{\"@type\":\"WebSite\",\"@id\":\"https:\/\/dieresis.com\/en\/#website\",\"url\":\"https:\/\/dieresis.com\/en\/\",\"name\":\"Colecci\u00f3n Di\u00e9resis\",\"description\":\"Arte Contempor\u00e1neo\",\"potentialAction\":[{\"@type\":\"SearchAction\",\"target\":{\"@type\":\"EntryPoint\",\"urlTemplate\":\"https:\/\/dieresis.com\/en\/?s={search_term_string}\"},\"query-input\":\"required name=search_term_string\"}],\"inLanguage\":\"en-US\"},{\"@type\":\"Person\",\"@id\":\"https:\/\/dieresis.com\/en\/#\/schema\/person\/f07ebb4a0bf70a8625b9c30b2b0c6f96\",\"name\":\"dieradmesis\",\"image\":{\"@type\":\"ImageObject\",\"inLanguage\":\"en-US\",\"@id\":\"https:\/\/dieresis.com\/en\/#\/schema\/person\/image\/\",\"url\":\"https:\/\/secure.gravatar.com\/avatar\/f0e2d1fc01ac98fe842749657eaa45ec0df66ed605ccb8f6ece3012942796079?s=96&d=mm&r=g\",\"contentUrl\":\"https:\/\/secure.gravatar.com\/avatar\/f0e2d1fc01ac98fe842749657eaa45ec0df66ed605ccb8f6ece3012942796079?s=96&d=mm&r=g\",\"caption\":\"dieradmesis\"},\"sameAs\":[\"https:\/\/dieresis.com\"],\"url\":\"https:\/\/dieresis.com\/en\/author\/dieradmesis\/\"}]}<\/script>\n<!-- \/ Yoast SEO plugin. -->","yoast_head_json":{"title":"Eduardo Sarabia - Colecci\u00f3n Di\u00e9resis","robots":{"index":"index","follow":"follow","max-snippet":"max-snippet:-1","max-image-preview":"max-image-preview:large","max-video-preview":"max-video-preview:-1"},"canonical":"https:\/\/dieresis.com\/en\/eduardo-sarabia\/","og_locale":"en_US","og_type":"article","og_title":"Eduardo Sarabia - Colecci\u00f3n Di\u00e9resis","og_description":"(Guadalajara, M\u00e9xico, May \u2013 August 2014) Instituto Cultural Caba\u00f1as.","og_url":"https:\/\/dieresis.com\/en\/eduardo-sarabia\/","og_site_name":"Colecci\u00f3n Di\u00e9resis","article_published_time":"2014-05-18T01:00:41+00:00","og_image":[{"width":600,"height":380,"url":"https:\/\/dieresis.com\/wp-content\/uploads\/2021\/10\/Eduardo-Sarabia-Guadalajara-2014-Instituto-Cultural-Cabanas.jpg","type":"image\/jpeg"}],"author":"dieradmesis","twitter_card":"summary_large_image","twitter_misc":{"Written by":"dieradmesis"},"schema":{"@context":"https:\/\/schema.org","@graph":[{"@type":"WebPage","@id":"https:\/\/dieresis.com\/en\/eduardo-sarabia\/","url":"https:\/\/dieresis.com\/en\/eduardo-sarabia\/","name":"Eduardo Sarabia - Colecci\u00f3n Di\u00e9resis","isPartOf":{"@id":"https:\/\/dieresis.com\/en\/#website"},"datePublished":"2014-05-18T01:00:41+00:00","dateModified":"2014-05-18T01:00:41+00:00","author":{"@id":"https:\/\/dieresis.com\/en\/#\/schema\/person\/f07ebb4a0bf70a8625b9c30b2b0c6f96"},"breadcrumb":{"@id":"https:\/\/dieresis.com\/en\/eduardo-sarabia\/#breadcrumb"},"inLanguage":"en-US","potentialAction":[{"@type":"ReadAction","target":["https:\/\/dieresis.com\/en\/eduardo-sarabia\/"]}]},{"@type":"BreadcrumbList","@id":"https:\/\/dieresis.com\/en\/eduardo-sarabia\/#breadcrumb","itemListElement":[{"@type":"ListItem","position":1,"name":"Home","item":"https:\/\/dieresis.com\/en\/"},{"@type":"ListItem","position":2,"name":"Eduardo Sarabia"}]},{"@type":"WebSite","@id":"https:\/\/dieresis.com\/en\/#website","url":"https:\/\/dieresis.com\/en\/","name":"Colecci\u00f3n Di\u00e9resis","description":"Arte Contempor\u00e1neo","potentialAction":[{"@type":"SearchAction","target":{"@type":"EntryPoint","urlTemplate":"https:\/\/dieresis.com\/en\/?s={search_term_string}"},"query-input":"required name=search_term_string"}],"inLanguage":"en-US"},{"@type":"Person","@id":"https:\/\/dieresis.com\/en\/#\/schema\/person\/f07ebb4a0bf70a8625b9c30b2b0c6f96","name":"dieradmesis","image":{"@type":"ImageObject","inLanguage":"en-US","@id":"https:\/\/dieresis.com\/en\/#\/schema\/person\/image\/","url":"https:\/\/secure.gravatar.com\/avatar\/f0e2d1fc01ac98fe842749657eaa45ec0df66ed605ccb8f6ece3012942796079?s=96&d=mm&r=g","contentUrl":"https:\/\/secure.gravatar.com\/avatar\/f0e2d1fc01ac98fe842749657eaa45ec0df66ed605ccb8f6ece3012942796079?s=96&d=mm&r=g","caption":"dieradmesis"},"sameAs":["https:\/\/dieresis.com"],"url":"https:\/\/dieresis.com\/en\/author\/dieradmesis\/"}]}},"_links":{"self":[{"href":"https:\/\/dieresis.com\/en\/wp-json\/wp\/v2\/posts\/759","targetHints":{"allow":["GET"]}}],"collection":[{"href":"https:\/\/dieresis.com\/en\/wp-json\/wp\/v2\/posts"}],"about":[{"href":"https:\/\/dieresis.com\/en\/wp-json\/wp\/v2\/types\/post"}],"author":[{"embeddable":true,"href":"https:\/\/dieresis.com\/en\/wp-json\/wp\/v2\/users\/2"}],"replies":[{"embeddable":true,"href":"https:\/\/dieresis.com\/en\/wp-json\/wp\/v2\/comments?post=759"}],"version-history":[{"count":0,"href":"https:\/\/dieresis.com\/en\/wp-json\/wp\/v2\/posts\/759\/revisions"}],"wp:featuredmedia":[{"embeddable":true,"href":"https:\/\/dieresis.com\/en\/wp-json\/wp\/v2\/media\/183"}],"wp:attachment":[{"href":"https:\/\/dieresis.com\/en\/wp-json\/wp\/v2\/media?parent=759"}],"wp:term":[{"taxonomy":"category","embeddable":true,"href":"https:\/\/dieresis.com\/en\/wp-json\/wp\/v2\/categories?post=759"},{"taxonomy":"post_tag","embeddable":true,"href":"https:\/\/dieresis.com\/en\/wp-json\/wp\/v2\/tags?post=759"}],"curies":[{"name":"wp","href":"https:\/\/api.w.org\/{rel}","templated":true}]}}