{"id":686,"date":"2015-09-05T00:00:09","date_gmt":"2015-09-05T05:00:09","guid":{"rendered":"https:\/\/dieresis.com\/?p=686"},"modified":"2021-11-02T21:40:10","modified_gmt":"2021-11-03T03:40:10","slug":"museographic-essay-no-2-from-modern-to-contemporary","status":"publish","type":"post","link":"https:\/\/dieresis.com\/en\/museographic-essay-no-2-from-modern-to-contemporary\/","title":{"rendered":"Museographic Essay No. 2: From modern to contemporary"},"content":{"rendered":"<!--themify_builder_content-->\n<div id=\"themify_builder_content-686\" data-postid=\"686\" class=\"themify_builder_content themify_builder_content-686 themify_builder tf_clear\">\n    \t\t\t<!-- module_row -->\n\t<div  data-lazy=\"1\" class=\"module_row themify_builder_row tb_5vsn859 tb_first tf_w tf_clearfix\">\n\t    \t\t\t<div class=\"row_inner col_align_top tb_col_count_2 tf_box tf_rel\">\n\t\t            <div  data-lazy=\"1\" class=\"module_column tb-column col4-2 tb_0srv860 first\">\n                                                        <div class=\"tb-column-inner tf_box tf_w\">\n                        <!-- module gallery -->\n<div  class=\"module gallery module-gallery tb_wbjf860 layout-slider  \" data-lazy=\"1\">\n        <div class=\"tf_swiper-container tf_carousel themify_builder_slider tf_rel tf_overflow\"\n\tdata-pager=\"1\"\n\t data-lazy=\"1\"\t\t\tdata-thumbs=\"tb_wbjf860_thumbs\"\n\t\tdata-effect=\"fade\" \n\t\tdata-css_url=\"https:\/\/dieresis.com\/wp-content\/themes\/themify-ultra\/themify\/themify-builder\/css\/modules\/sliders\/carousel.css,https:\/\/dieresis.com\/wp-content\/themes\/themify-ultra\/themify\/themify-builder\/css\/modules\/sliders\/gallery.css\"\n\t\t\tdata-speed=\"1\"\n\tdata-wrapvar=\"1\"\n\tdata-slider_nav=\"0\"\n\tdata-height=\"variable\"\n\t\t>\n\t<div class=\"tf_swiper-wrapper tf_lazy tf_rel tf_w tf_h tf_textc\">\n\t\t\t\t\t<div class=\"tf_swiper-slide\">\n\t\t\t<div class=\"slide-inner-wrap\">\n\t\t\t\t<div class=\"tf_lazy slide-image gallery-icon\"><a href=\"https:\/\/dieresis.com\/wp-content\/uploads\/2021\/11\/Ensayo-museografico-No-2-Fotografia-Museo-Tamayo.jpg\" class=\"themify_lightbox\"><img decoding=\"async\" width=\"852\" height=\"550\" src=\"https:\/\/dieresis.com\/wp-content\/uploads\/2021\/11\/Ensayo-museografico-No-2-Fotografia-Museo-Tamayo.jpg\" class=\"wp-post-image wp-image-691\" title=\"Ensayo museogr\u00e1fico No. 2, Fotograf\u00eda: Museo Tamayo.\" data-tf-not-load=\"1\" alt=\"Ensayo museogr\u00e1fico No. 2, Fotograf\u00eda: Museo Tamayo.\" srcset=\"https:\/\/dieresis.com\/wp-content\/uploads\/2021\/11\/Ensayo-museografico-No-2-Fotografia-Museo-Tamayo.jpg 852w, https:\/\/dieresis.com\/wp-content\/uploads\/2021\/11\/Ensayo-museografico-No-2-Fotografia-Museo-Tamayo-300x194.jpg 300w, https:\/\/dieresis.com\/wp-content\/uploads\/2021\/11\/Ensayo-museografico-No-2-Fotografia-Museo-Tamayo-768x496.jpg 768w\" sizes=\"(max-width: 852px) 100vw, 852px\" \/><\/a>\t\t\t\t<\/div>\n\t\t\t\t\t\t\t\t\t<div class=\"slide-content tf_opacity tf_texl tf_abs\">\n\t\t\t\t\t\t\n\t\t\t\t\t\t\t\t\t\t\t\t\t<p>Ensayo museogr\u00e1fico No. 2, Fotograf\u00eda: Museo Tamayo.<\/p>\n\t\t\t\t\t\t\t\t\t\t\t<\/div><!-- \/slide-content -->\n\t\t\t\t\t\t\t<\/div><\/div>\n\t\t\t\t\t<div class=\"tf_swiper-slide\">\n\t\t\t<div class=\"slide-inner-wrap\">\n\t\t\t\t<div class=\"tf_lazy slide-image gallery-icon\"><a href=\"https:\/\/dieresis.com\/wp-content\/uploads\/2021\/11\/Acercamiento-de-panel-de-Felix-Candela-Fotografia-Museo-Tamayo.jpg\" class=\"themify_lightbox\"><img decoding=\"async\" width=\"852\" height=\"487\" src=\"https:\/\/dieresis.com\/wp-content\/uploads\/2021\/11\/Acercamiento-de-panel-de-Felix-Candela-Fotografia-Museo-Tamayo.jpg\" class=\"wp-post-image wp-image-693\" title=\"Acercamiento de panel de F\u00e9lix Candela, Fotograf\u00eda: Museo Tamayo.\" data-tf-not-load=\"1\" alt=\"Acercamiento de panel de F\u00e9lix Candela, Fotograf\u00eda: Museo Tamayo.\" srcset=\"https:\/\/dieresis.com\/wp-content\/uploads\/2021\/11\/Acercamiento-de-panel-de-Felix-Candela-Fotografia-Museo-Tamayo.jpg 852w, https:\/\/dieresis.com\/wp-content\/uploads\/2021\/11\/Acercamiento-de-panel-de-Felix-Candela-Fotografia-Museo-Tamayo-300x171.jpg 300w, https:\/\/dieresis.com\/wp-content\/uploads\/2021\/11\/Acercamiento-de-panel-de-Felix-Candela-Fotografia-Museo-Tamayo-768x439.jpg 768w\" sizes=\"(max-width: 852px) 100vw, 852px\" \/><\/a>\t\t\t\t<\/div>\n\t\t\t\t\t\t\t\t\t<div class=\"slide-content tf_opacity tf_texl tf_abs\">\n\t\t\t\t\t\t\n\t\t\t\t\t\t\t\t\t\t\t\t\t<p>Acercamiento de panel de F\u00e9lix Candela, Fotograf\u00eda: Museo Tamayo.<\/p>\n\t\t\t\t\t\t\t\t\t\t\t<\/div><!-- \/slide-content -->\n\t\t\t\t\t\t\t<\/div><\/div>\n\t\t\t\t\t<div class=\"tf_swiper-slide\">\n\t\t\t<div class=\"slide-inner-wrap\">\n\t\t\t\t<div class=\"tf_lazy slide-image gallery-icon\"><a href=\"https:\/\/dieresis.com\/wp-content\/uploads\/2021\/11\/Panel-de-trabajo-de-Felix-Candela-1910-1997-Fotografia-Museo-Tamayo.jpg\" class=\"themify_lightbox\"><img decoding=\"async\" width=\"852\" height=\"538\" src=\"https:\/\/dieresis.com\/wp-content\/uploads\/2021\/11\/Panel-de-trabajo-de-Felix-Candela-1910-1997-Fotografia-Museo-Tamayo.jpg\" class=\"wp-post-image wp-image-695\" title=\"Panel de trabajo de F\u00e9lix Candela (1910-1997), Fotograf\u00eda: Museo Tamayo.\" data-tf-not-load=\"1\" alt=\"Panel de trabajo de F\u00e9lix Candela (1910-1997), Fotograf\u00eda: Museo Tamayo.\" srcset=\"https:\/\/dieresis.com\/wp-content\/uploads\/2021\/11\/Panel-de-trabajo-de-Felix-Candela-1910-1997-Fotografia-Museo-Tamayo.jpg 852w, https:\/\/dieresis.com\/wp-content\/uploads\/2021\/11\/Panel-de-trabajo-de-Felix-Candela-1910-1997-Fotografia-Museo-Tamayo-300x189.jpg 300w, https:\/\/dieresis.com\/wp-content\/uploads\/2021\/11\/Panel-de-trabajo-de-Felix-Candela-1910-1997-Fotografia-Museo-Tamayo-768x485.jpg 768w\" sizes=\"(max-width: 852px) 100vw, 852px\" \/><\/a>\t\t\t\t<\/div>\n\t\t\t\t\t\t\t\t\t<div class=\"slide-content tf_opacity tf_texl tf_abs\">\n\t\t\t\t\t\t\n\t\t\t\t\t\t\t\t\t\t\t\t\t<p>Panel de trabajo de F\u00e9lix Candela (1910-1997), Fotograf\u00eda: Museo Tamayo.<\/p>\n\t\t\t\t\t\t\t\t\t\t\t<\/div><!-- \/slide-content -->\n\t\t\t\t\t\t\t<\/div><\/div>\n\t\t\t<\/div>\n<\/div>\n    <\/div>\n<!-- \/module gallery -->                    <\/div><!-- .tb-column-inner -->\n                            <\/div><!-- .module_column -->\n                        <div  data-lazy=\"1\" class=\"module_column tb-column col4-2 tb_ci6h861 last\">\n                                                        <div class=\"tb-column-inner tf_box tf_w\">\n                        <!-- module text -->\n<div  class=\"module module-text tb_eoob861   \" data-lazy=\"1\">\n        <div  class=\"tb_text_wrap\">\n    <h2><i>Museographic Essay No. 2: From modern to contemporary.<\/i><br \/>(Mexico City, Sept- Oct. 2015)<br \/>Museo Tamayo<\/h2><p>This series of &#8220;Museographic Essays&#8221; aims to set new grounds for collections display in an effort to understand and enrich Museo Tamayo\u2019s modern and contemporary art collection, while distinguishing two particular approaches and interpretations in art production over the past century. A great majority of the pieces identified here as modern art were donated to the museum by Rufino Tamayo, and many were part of his personal collection, which included artists like Mark Rothko, Ren\u00e9 Magritte, Pablo Picasso or Isamu Noguchi\u2014all of them working with traditional media like painting, sculpture and drawing.<\/p>\r\n\r\n<p>Museographic Essay No.2 is articulated around a panel by F\u00e9lix Candela (1910\u20131997) that shows a couple of his most important projects. The panel remained on display in his studio in Mexico City for decades, until recently. With architecture as a main reference in the selection of works\u2014primarily modern in the first gallery, followed by contemporary works in the second gallery and the central courtyard\u2014this show seeks to generate a dialogue between modern and contemporary, using museographic lighting parameters to underline the distinctions between the two spaces and highlighting the architecture of the building as an important element in the reception of art<\/p><div class=\"small-body\"><a href=\"https:\/\/www.museotamayo.org\/exposiciones\/ensayo-museografico-num-2-de-lo-moderno-a-lo-contemporaneo\" target=\"_blank\" rel=\"noopener\">M\u00e1s Informaci\u00f3n<\/a><\/div>    <\/div>\n<\/div>\n<!-- \/module text -->                    <\/div><!-- .tb-column-inner -->\n                            <\/div><!-- .module_column -->\n            \t    <\/div><!-- .row_inner -->\n\t<\/div><!-- .module_row -->\n\t<\/div>\n<!--\/themify_builder_content-->\n","protected":false},"excerpt":{"rendered":"<p>(Mexico City, Sept- Oct. 2015)<br \/>\nMuseo Tamayo<\/p>\n","protected":false},"author":2,"featured_media":187,"comment_status":"open","ping_status":"open","sticky":false,"template":"","format":"standard","meta":{"footnotes":""},"categories":[11],"tags":[],"class_list":["post-686","post","type-post","status-publish","format-standard","has-post-thumbnail","hentry","category-news","has-post-title","has-post-date","has-post-category","has-post-tag","has-post-comment","has-post-author",""],"yoast_head":"<!-- This site is optimized with the Yoast SEO plugin v20.10 - https:\/\/yoast.com\/wordpress\/plugins\/seo\/ -->\n<title>Museographic Essay No. 2: From modern to contemporary - Colecci\u00f3n Di\u00e9resis<\/title>\n<meta name=\"robots\" content=\"index, follow, max-snippet:-1, max-image-preview:large, max-video-preview:-1\" \/>\n<link rel=\"canonical\" href=\"https:\/\/dieresis.com\/en\/museographic-essay-no-2-from-modern-to-contemporary\/\" \/>\n<meta property=\"og:locale\" content=\"en_US\" \/>\n<meta property=\"og:type\" content=\"article\" \/>\n<meta property=\"og:title\" content=\"Museographic Essay No. 2: From modern to contemporary - Colecci\u00f3n Di\u00e9resis\" \/>\n<meta property=\"og:description\" content=\"(Mexico City, Sept- Oct. 2015) Museo Tamayo\" \/>\n<meta property=\"og:url\" content=\"https:\/\/dieresis.com\/en\/museographic-essay-no-2-from-modern-to-contemporary\/\" \/>\n<meta property=\"og:site_name\" content=\"Colecci\u00f3n Di\u00e9resis\" \/>\n<meta property=\"article:published_time\" content=\"2015-09-05T05:00:09+00:00\" \/>\n<meta property=\"article:modified_time\" content=\"2021-11-03T03:40:10+00:00\" \/>\n<meta property=\"og:image\" content=\"https:\/\/dieresis.com\/wp-content\/uploads\/2021\/10\/Ensayo-museografico-No-2-De-lo-moderno-a-lo-contemporaneo.jpg\" \/>\n\t<meta property=\"og:image:width\" content=\"600\" \/>\n\t<meta property=\"og:image:height\" content=\"380\" \/>\n\t<meta property=\"og:image:type\" content=\"image\/jpeg\" \/>\n<meta name=\"author\" content=\"dieradmesis\" \/>\n<meta name=\"twitter:card\" content=\"summary_large_image\" \/>\n<meta name=\"twitter:label1\" content=\"Written by\" \/>\n\t<meta name=\"twitter:data1\" content=\"dieradmesis\" \/>\n<script type=\"application\/ld+json\" class=\"yoast-schema-graph\">{\"@context\":\"https:\/\/schema.org\",\"@graph\":[{\"@type\":\"WebPage\",\"@id\":\"https:\/\/dieresis.com\/en\/museographic-essay-no-2-from-modern-to-contemporary\/\",\"url\":\"https:\/\/dieresis.com\/en\/museographic-essay-no-2-from-modern-to-contemporary\/\",\"name\":\"Museographic Essay No. 2: From modern to contemporary - Colecci\u00f3n Di\u00e9resis\",\"isPartOf\":{\"@id\":\"https:\/\/dieresis.com\/en\/#website\"},\"datePublished\":\"2015-09-05T05:00:09+00:00\",\"dateModified\":\"2021-11-03T03:40:10+00:00\",\"author\":{\"@id\":\"https:\/\/dieresis.com\/en\/#\/schema\/person\/f07ebb4a0bf70a8625b9c30b2b0c6f96\"},\"breadcrumb\":{\"@id\":\"https:\/\/dieresis.com\/en\/museographic-essay-no-2-from-modern-to-contemporary\/#breadcrumb\"},\"inLanguage\":\"en-US\",\"potentialAction\":[{\"@type\":\"ReadAction\",\"target\":[\"https:\/\/dieresis.com\/en\/museographic-essay-no-2-from-modern-to-contemporary\/\"]}]},{\"@type\":\"BreadcrumbList\",\"@id\":\"https:\/\/dieresis.com\/en\/museographic-essay-no-2-from-modern-to-contemporary\/#breadcrumb\",\"itemListElement\":[{\"@type\":\"ListItem\",\"position\":1,\"name\":\"Home\",\"item\":\"https:\/\/dieresis.com\/en\/\"},{\"@type\":\"ListItem\",\"position\":2,\"name\":\"Museographic Essay No. 2: From modern to contemporary\"}]},{\"@type\":\"WebSite\",\"@id\":\"https:\/\/dieresis.com\/en\/#website\",\"url\":\"https:\/\/dieresis.com\/en\/\",\"name\":\"Colecci\u00f3n Di\u00e9resis\",\"description\":\"Arte Contempor\u00e1neo\",\"potentialAction\":[{\"@type\":\"SearchAction\",\"target\":{\"@type\":\"EntryPoint\",\"urlTemplate\":\"https:\/\/dieresis.com\/en\/?s={search_term_string}\"},\"query-input\":\"required name=search_term_string\"}],\"inLanguage\":\"en-US\"},{\"@type\":\"Person\",\"@id\":\"https:\/\/dieresis.com\/en\/#\/schema\/person\/f07ebb4a0bf70a8625b9c30b2b0c6f96\",\"name\":\"dieradmesis\",\"image\":{\"@type\":\"ImageObject\",\"inLanguage\":\"en-US\",\"@id\":\"https:\/\/dieresis.com\/en\/#\/schema\/person\/image\/\",\"url\":\"https:\/\/secure.gravatar.com\/avatar\/f0e2d1fc01ac98fe842749657eaa45ec0df66ed605ccb8f6ece3012942796079?s=96&d=mm&r=g\",\"contentUrl\":\"https:\/\/secure.gravatar.com\/avatar\/f0e2d1fc01ac98fe842749657eaa45ec0df66ed605ccb8f6ece3012942796079?s=96&d=mm&r=g\",\"caption\":\"dieradmesis\"},\"sameAs\":[\"https:\/\/dieresis.com\"],\"url\":\"https:\/\/dieresis.com\/en\/author\/dieradmesis\/\"}]}<\/script>\n<!-- \/ Yoast SEO plugin. -->","yoast_head_json":{"title":"Museographic Essay No. 2: From modern to contemporary - Colecci\u00f3n Di\u00e9resis","robots":{"index":"index","follow":"follow","max-snippet":"max-snippet:-1","max-image-preview":"max-image-preview:large","max-video-preview":"max-video-preview:-1"},"canonical":"https:\/\/dieresis.com\/en\/museographic-essay-no-2-from-modern-to-contemporary\/","og_locale":"en_US","og_type":"article","og_title":"Museographic Essay No. 2: From modern to contemporary - Colecci\u00f3n Di\u00e9resis","og_description":"(Mexico City, Sept- Oct. 2015) Museo Tamayo","og_url":"https:\/\/dieresis.com\/en\/museographic-essay-no-2-from-modern-to-contemporary\/","og_site_name":"Colecci\u00f3n Di\u00e9resis","article_published_time":"2015-09-05T05:00:09+00:00","article_modified_time":"2021-11-03T03:40:10+00:00","og_image":[{"width":600,"height":380,"url":"https:\/\/dieresis.com\/wp-content\/uploads\/2021\/10\/Ensayo-museografico-No-2-De-lo-moderno-a-lo-contemporaneo.jpg","type":"image\/jpeg"}],"author":"dieradmesis","twitter_card":"summary_large_image","twitter_misc":{"Written by":"dieradmesis"},"schema":{"@context":"https:\/\/schema.org","@graph":[{"@type":"WebPage","@id":"https:\/\/dieresis.com\/en\/museographic-essay-no-2-from-modern-to-contemporary\/","url":"https:\/\/dieresis.com\/en\/museographic-essay-no-2-from-modern-to-contemporary\/","name":"Museographic Essay No. 2: From modern to contemporary - Colecci\u00f3n Di\u00e9resis","isPartOf":{"@id":"https:\/\/dieresis.com\/en\/#website"},"datePublished":"2015-09-05T05:00:09+00:00","dateModified":"2021-11-03T03:40:10+00:00","author":{"@id":"https:\/\/dieresis.com\/en\/#\/schema\/person\/f07ebb4a0bf70a8625b9c30b2b0c6f96"},"breadcrumb":{"@id":"https:\/\/dieresis.com\/en\/museographic-essay-no-2-from-modern-to-contemporary\/#breadcrumb"},"inLanguage":"en-US","potentialAction":[{"@type":"ReadAction","target":["https:\/\/dieresis.com\/en\/museographic-essay-no-2-from-modern-to-contemporary\/"]}]},{"@type":"BreadcrumbList","@id":"https:\/\/dieresis.com\/en\/museographic-essay-no-2-from-modern-to-contemporary\/#breadcrumb","itemListElement":[{"@type":"ListItem","position":1,"name":"Home","item":"https:\/\/dieresis.com\/en\/"},{"@type":"ListItem","position":2,"name":"Museographic Essay No. 2: From modern to contemporary"}]},{"@type":"WebSite","@id":"https:\/\/dieresis.com\/en\/#website","url":"https:\/\/dieresis.com\/en\/","name":"Colecci\u00f3n Di\u00e9resis","description":"Arte Contempor\u00e1neo","potentialAction":[{"@type":"SearchAction","target":{"@type":"EntryPoint","urlTemplate":"https:\/\/dieresis.com\/en\/?s={search_term_string}"},"query-input":"required name=search_term_string"}],"inLanguage":"en-US"},{"@type":"Person","@id":"https:\/\/dieresis.com\/en\/#\/schema\/person\/f07ebb4a0bf70a8625b9c30b2b0c6f96","name":"dieradmesis","image":{"@type":"ImageObject","inLanguage":"en-US","@id":"https:\/\/dieresis.com\/en\/#\/schema\/person\/image\/","url":"https:\/\/secure.gravatar.com\/avatar\/f0e2d1fc01ac98fe842749657eaa45ec0df66ed605ccb8f6ece3012942796079?s=96&d=mm&r=g","contentUrl":"https:\/\/secure.gravatar.com\/avatar\/f0e2d1fc01ac98fe842749657eaa45ec0df66ed605ccb8f6ece3012942796079?s=96&d=mm&r=g","caption":"dieradmesis"},"sameAs":["https:\/\/dieresis.com"],"url":"https:\/\/dieresis.com\/en\/author\/dieradmesis\/"}]}},"_links":{"self":[{"href":"https:\/\/dieresis.com\/en\/wp-json\/wp\/v2\/posts\/686","targetHints":{"allow":["GET"]}}],"collection":[{"href":"https:\/\/dieresis.com\/en\/wp-json\/wp\/v2\/posts"}],"about":[{"href":"https:\/\/dieresis.com\/en\/wp-json\/wp\/v2\/types\/post"}],"author":[{"embeddable":true,"href":"https:\/\/dieresis.com\/en\/wp-json\/wp\/v2\/users\/2"}],"replies":[{"embeddable":true,"href":"https:\/\/dieresis.com\/en\/wp-json\/wp\/v2\/comments?post=686"}],"version-history":[{"count":1,"href":"https:\/\/dieresis.com\/en\/wp-json\/wp\/v2\/posts\/686\/revisions"}],"predecessor-version":[{"id":697,"href":"https:\/\/dieresis.com\/en\/wp-json\/wp\/v2\/posts\/686\/revisions\/697"}],"wp:featuredmedia":[{"embeddable":true,"href":"https:\/\/dieresis.com\/en\/wp-json\/wp\/v2\/media\/187"}],"wp:attachment":[{"href":"https:\/\/dieresis.com\/en\/wp-json\/wp\/v2\/media?parent=686"}],"wp:term":[{"taxonomy":"category","embeddable":true,"href":"https:\/\/dieresis.com\/en\/wp-json\/wp\/v2\/categories?post=686"},{"taxonomy":"post_tag","embeddable":true,"href":"https:\/\/dieresis.com\/en\/wp-json\/wp\/v2\/tags?post=686"}],"curies":[{"name":"wp","href":"https:\/\/api.w.org\/{rel}","templated":true}]}}