{"id":563,"date":"2021-10-25T13:36:34","date_gmt":"2021-10-25T18:36:34","guid":{"rendered":"https:\/\/dieresis.com\/franz-west-austria-1947\/"},"modified":"2021-10-25T13:36:34","modified_gmt":"2021-10-25T18:36:34","slug":"franz-west-austria-1947","status":"publish","type":"post","link":"https:\/\/dieresis.com\/en\/franz-west-austria-1947\/","title":{"rendered":"Franz West (Austria, 1947)"},"content":{"rendered":"<!--themify_builder_content-->\n<div id=\"themify_builder_content-563\" data-postid=\"563\" class=\"themify_builder_content themify_builder_content-563 themify_builder tf_clear\">\n    \t\t\t<!-- module_row -->\n\t<div  data-lazy=\"1\" class=\"module_row themify_builder_row tb_8sz1664 tb_first tf_w tf_clearfix\">\n\t    \t\t\t<div class=\"row_inner col_align_top tb_col_count_2 tf_box tf_rel\">\n\t\t            <div  data-lazy=\"1\" class=\"module_column tb-column col3-2 tb_il0y664 first\">\n                                                        <div class=\"tb-column-inner tf_box tf_w\">\n                        <!-- module image -->\n<div  class=\"module module-image tb_2c1w664   image-top tf_mw\" data-lazy=\"1\">\n        <div class=\"image-wrap tf_rel tf_mw\">\n\t\t    <a href=\"https:\/\/dieresis.com\/wp-content\/uploads\/2021\/10\/Suspension-Lamp-1991-Franz-West-Austria-1947.jpg\"\n\t       \t       >\n\t\t   \t\t<img decoding=\"async\" width=\"300\" height=\"401\" src=\"https:\/\/dieresis.com\/wp-content\/uploads\/2021\/10\/Suspension-Lamp-1991-Franz-West-Austria-1947.jpg\" class=\"wp-post-image wp-image-561\" title=\"Suspension Lamp, 1991. Franz West (Austria, 1947).\" alt=\"Suspension Lamp, 1991. Franz West (Austria, 1947).\" srcset=\"https:\/\/dieresis.com\/wp-content\/uploads\/2021\/10\/Suspension-Lamp-1991-Franz-West-Austria-1947.jpg 300w, https:\/\/dieresis.com\/wp-content\/uploads\/2021\/10\/Suspension-Lamp-1991-Franz-West-Austria-1947-224x300.jpg 224w\" sizes=\"(max-width: 300px) 100vw, 300px\" \/>\t    <\/a>\n\t\n\t\t<\/div>\n\t<!-- \/image-wrap -->\n    \n    \t<div class=\"image-content\">\n\t    \n\t    \t\t<div class=\"image-caption tb_text_wrap\">\n\t\t    <strong><i>Suspension Lamp<\/i>, 1991.<\/strong>\r\n<br>\r\n160 x 20 cm.\r\n<br>\r\nMetal lamp.\t    <\/div>\n\t    <!-- \/image-caption -->\n\t    \t<\/div>\n\t<!-- \/image-content -->\n    \t<\/div>\n<!-- \/module image --><!-- module text -->\n<div  class=\"module module-text tb_h6z9666   \" data-lazy=\"1\">\n        <div  class=\"tb_text_wrap\">\n    <h4>Franz West (Austria, 1947)<\/h4><p>West\u2019s art is always participatory, seeking to enter into dialogue with its recipients and considering their various reactions as necessary to the completion of the meaning of the work. West\u2019s Adaptives and furniture pieces invite active physical use, while in the case of other sculptures and works on paper, dialogue is intended to take place on an intellectual level, stimulated by the works\u2019 titles, as well as by accompanying texts. Playful and ambiguous, West\u2019s work is also deeply rooted in his involvement with philosophy and psychoanalysis, particularly the work of Ludwig Wittgenstein (1889 \u2013 1951) and Sigmund Freud (1856 \u2013 1939). In the 1990s, the artist\u2019s work was presented at the Austrian Pavilion of the 44th Venice Biennale (1990);documenta IX, Kassel (1992); The Museum of Contemporary Art, Los Angeles; Dia Center for the Arts, New York (both 1994); Carnegie Museum of Art, Pittsburgh (Carnegie International, 1995); Villa Arson, Nice (1995-96); and the St\u00e4dtisches Museum Abteiberg, M\u00f6nchengladbach (1996). A major, mid-career retrospective (Franz West, Proforma) was organized by the Museum moderner Kunst Stiftung Ludwig, Vienna in 1996 (it traveled to the Kunsthalle Basel; Rijksmuseum Kr\u00f6ller-M\u00fcller, Otterlo; N\u00e1rondi galerie Praze\/Sbirka moderniho umeni Veltrzni pal\u00e1c, Prague; Muzeum Sztuki w Lodzi, Lodz); and solo exhibitions were held at the Kunstverein Hamburg (1996); FRAC Champagne-Ardenne, Reims; The Museum of Modern Art, New York; Funda\u00e7\u00e3o de Serralves, Porto (all 1997). West participated in documenta X, Kassel; and the Rooseum, Centre for Contemporary Art, Malm\u00f6, presented a solo exhibition of his work in 1999. The artist\u2019s work was featured at The Renaissance Society, Chicago (2000), and Museum f\u00fcr Neue Kunst, ZKM Karlsruhe and the Museo Nacional Centro de Arte Reina Sof\u00eda, Madrid presented the traveling survey Franz West: In &#038; Out (2000-2001).<\/p>    <\/div>\n<\/div>\n<!-- \/module text -->                    <\/div><!-- .tb-column-inner -->\n                            <\/div><!-- .module_column -->\n                        <div  data-lazy=\"1\" class=\"module_column tb-column col3-1 tb_77av666 last\">\n                                                        <div class=\"tb-column-inner tf_box tf_w\">\n                        <!-- module template_part -->\n<div  class=\"module module-layout-part tb_gcds923 \">\n    <div class=\"tb_layout_part_wrap tf_w\">\n<!--themify_builder_content-->\n    <div  class=\"themify_builder_content themify_builder_content-402 themify_builder not_editable_builder in_the_loop\" data-postid=\"402\">\n        \t\t\t<!-- module_row -->\n\t<div  id=\"select_artist\" data-lazy=\"1\" class=\"module_row themify_builder_row tb_vaxf180 tf_w tf_clearfix\">\n\t    \t\t\t<div class=\"row_inner col_align_top tb_col_count_1 tf_box tf_rel\">\n\t\t            <div  data-lazy=\"1\" class=\"module_column tb-column col-full tb_98xu181 first\">\n                                                        <div class=\"tb-column-inner tf_box tf_w\">\n                        <!-- module widget -->\n<div  class=\"module module-widget tb_scf8566  \" data-lazy=\"1\">\n\t<div class=\"widget feature-posts\"><ul class=\"feature-posts-list\"><li><a href=\"https:\/\/dieresis.com\/en\/abraham-cruzvillegas-mexico-1968\/\" class=\"feature-posts-title\">Abraham Cruzvillegas (M\u00e9xico, 1968)<\/a> <br \/><\/li><li><a href=\"https:\/\/dieresis.com\/en\/adrian-villar-rojas-argentina-1980\/\" class=\"feature-posts-title\">Adri\u00e1n Villar Rojas (Argentina, 1980)<\/a> <br \/><\/li><li><a href=\"https:\/\/dieresis.com\/en\/allen-ruppersberg-usa-1944\/\" class=\"feature-posts-title\">Allen Ruppersberg (USA, 1944)<\/a> <br \/><\/li><li><a href=\"https:\/\/dieresis.com\/en\/bruce-nauman-usa-1941\/\" class=\"feature-posts-title\">Bruce Nauman (USA, 1941)<\/a> <br \/><\/li><li><a href=\"https:\/\/dieresis.com\/en\/claire-fontaine-france-2004\/\" class=\"feature-posts-title\">Claire Fontaine (France, 2004)<\/a> <br \/><\/li><li><a href=\"https:\/\/dieresis.com\/en\/cynthia-gutierrez-mexico-1978\/\" class=\"feature-posts-title\">Cynthia Gutierrez (M\u00e9xico, 1978)<\/a> <br \/><\/li><li><a href=\"https:\/\/dieresis.com\/en\/daniel-guzman-mexico-city-1964\/\" class=\"feature-posts-title\">Daniel Guzm\u00e1n (Mexico City, 1964)<\/a> <br \/><\/li><li><a href=\"https:\/\/dieresis.com\/en\/eduardo-sarabia-usa-1976\/\" class=\"feature-posts-title\">Eduardo Sarabia (USA, 1976)<\/a> <br \/><\/li><li><a href=\"https:\/\/dieresis.com\/en\/francisco-ugarte-mexico-1973\/\" class=\"feature-posts-title\">Francisco Ugarte (M\u00e9xico, 1973)<\/a> <br \/><\/li><li><a href=\"https:\/\/dieresis.com\/en\/franz-west-austria-1947\/\" class=\"feature-posts-title\">Franz West (Austria, 1947)<\/a> <br \/><\/li><li><a href=\"https:\/\/dieresis.com\/en\/jorge-mendez-blake-mexico-1974\/\" class=\"feature-posts-title\">Jorge M\u00e9ndez Blake (M\u00e9xico, 1974)<\/a> <br \/><\/li><li><a href=\"https:\/\/dieresis.com\/en\/marcel-duchamp-france-1887\/\" class=\"feature-posts-title\">Marcel Duchamp (France, 1887)<\/a> <br \/><\/li><li><a href=\"https:\/\/dieresis.com\/en\/mario-garcia-torres-mexico-1975\/\" class=\"feature-posts-title\">Mario Garc\u00eda Torres (M\u00e9xico, 1975)<\/a> <br \/><\/li><li><a href=\"https:\/\/dieresis.com\/en\/oscar-murillo-colombia-1986\/\" class=\"feature-posts-title\">Oscar Murillo (Colombia, 1986)<\/a> <br \/><\/li><li><a href=\"https:\/\/dieresis.com\/en\/pia-camil-mexico-1980\/\" class=\"feature-posts-title\">P\u00eda Camil (M\u00e9xico, 1980)<\/a> <br \/><\/li><li><a href=\"https:\/\/dieresis.com\/en\/priscilla-monge-costa-rica-1968\/\" class=\"feature-posts-title\">Priscilla Monge (Costa Rica, 1968)<\/a> <br \/><\/li><li><a href=\"https:\/\/dieresis.com\/en\/raymond-pettibon-usa-1957\/\" class=\"feature-posts-title\">Raymond Pettibon (USA, 1957)<\/a> <br \/><\/li><li><a href=\"https:\/\/dieresis.com\/en\/roberto-rebora-mexico-1963\/\" class=\"feature-posts-title\">Roberto R\u00e9bora (M\u00e9xico, 1963)<\/a> <br \/><\/li><li><a href=\"https:\/\/dieresis.com\/en\/saadane-afif-france-1970\/\" class=\"feature-posts-title\">Sa\u00e2dane Afif (France, 1970)<\/a> <br \/><\/li><li><a href=\"https:\/\/dieresis.com\/en\/sharon-hayes-usa-1970\/\" class=\"feature-posts-title\">Sharon Hayes (USA, 1970)<\/a> <br \/><\/li><li><a href=\"https:\/\/dieresis.com\/en\/superflex-denmark-1993\/\" class=\"feature-posts-title\">SUPERFLEX (Denmark, 1993)<\/a> <br \/><\/li><li><a href=\"https:\/\/dieresis.com\/en\/thomas-hirschhorn-switzerland-1957\/\" class=\"feature-posts-title\">Thomas Hirschhorn (Switzerland, 1957)<\/a> <br \/><\/li><li><a href=\"https:\/\/dieresis.com\/en\/ulises-carrion-mexico-1941\/\" class=\"feature-posts-title\">Ulises Carri\u00f3n (M\u00e9xico, 1941)<\/a> <br \/><\/li><li><a href=\"https:\/\/dieresis.com\/en\/vivian-suter-argentina-1949\/\" class=\"feature-posts-title\">Vivian Suter (Argentina, 1949)<\/a> <br \/><\/li><\/ul><\/div><\/div>\n<!-- \/module widget -->\n                    <\/div><!-- .tb-column-inner -->\n                            <\/div><!-- .module_column -->\n            \t    <\/div><!-- .row_inner -->\n\t<\/div><!-- .module_row -->\n\t    <\/div>\n<!--\/themify_builder_content-->\n<\/div>\n<\/div>\n<!-- \/module template_part -->                    <\/div><!-- .tb-column-inner -->\n                            <\/div><!-- .module_column -->\n            \t    <\/div><!-- .row_inner -->\n\t<\/div><!-- .module_row -->\n\t<\/div>\n<!--\/themify_builder_content-->\n","protected":false},"excerpt":{"rendered":"<p>Vivian Suter (Argentina, 1949)Suter\u2019s pictures and the photographic works and paper sketches she creates alongside them are depictions, commentaries and interpretations of her outer and inner surroundings. But they are also appropriations of these. They appropriate themselves to their surroundings, and in turn are appropriated by these very surroundings. Travelling through North and Central America [&hellip;]<\/p>\n","protected":false},"author":2,"featured_media":561,"comment_status":"open","ping_status":"open","sticky":false,"template":"","format":"standard","meta":{"footnotes":""},"categories":[16],"tags":[],"class_list":["post-563","post","type-post","status-publish","format-standard","has-post-thumbnail","hentry","category-highlights","has-post-title","has-post-date","has-post-category","has-post-tag","has-post-comment","has-post-author",""],"yoast_head":"<!-- This site is optimized with the Yoast SEO plugin v20.10 - https:\/\/yoast.com\/wordpress\/plugins\/seo\/ -->\n<title>Franz West (Austria, 1947) - Colecci\u00f3n Di\u00e9resis<\/title>\n<meta name=\"robots\" content=\"index, follow, max-snippet:-1, max-image-preview:large, max-video-preview:-1\" \/>\n<link rel=\"canonical\" href=\"https:\/\/dieresis.com\/en\/franz-west-austria-1947\/\" \/>\n<meta property=\"og:locale\" content=\"en_US\" \/>\n<meta property=\"og:type\" content=\"article\" \/>\n<meta property=\"og:title\" content=\"Franz West (Austria, 1947) - Colecci\u00f3n Di\u00e9resis\" \/>\n<meta property=\"og:description\" content=\"Vivian Suter (Argentina, 1949)Suter\u2019s pictures and the photographic works and paper sketches she creates alongside them are depictions, commentaries and interpretations of her outer and inner surroundings. But they are also appropriations of these. They appropriate themselves to their surroundings, and in turn are appropriated by these very surroundings. Travelling through North and Central America [&hellip;]\" \/>\n<meta property=\"og:url\" content=\"https:\/\/dieresis.com\/en\/franz-west-austria-1947\/\" \/>\n<meta property=\"og:site_name\" content=\"Colecci\u00f3n Di\u00e9resis\" \/>\n<meta property=\"article:published_time\" content=\"2021-10-25T18:36:34+00:00\" \/>\n<meta property=\"og:image\" content=\"https:\/\/dieresis.com\/wp-content\/uploads\/2021\/10\/Suspension-Lamp-1991-Franz-West-Austria-1947.jpg\" \/>\n\t<meta property=\"og:image:width\" content=\"300\" \/>\n\t<meta property=\"og:image:height\" content=\"401\" \/>\n\t<meta property=\"og:image:type\" content=\"image\/jpeg\" \/>\n<meta name=\"author\" content=\"dieradmesis\" \/>\n<meta name=\"twitter:card\" content=\"summary_large_image\" \/>\n<meta name=\"twitter:label1\" content=\"Written by\" \/>\n\t<meta name=\"twitter:data1\" content=\"dieradmesis\" \/>\n<script type=\"application\/ld+json\" class=\"yoast-schema-graph\">{\"@context\":\"https:\/\/schema.org\",\"@graph\":[{\"@type\":\"WebPage\",\"@id\":\"https:\/\/dieresis.com\/en\/franz-west-austria-1947\/\",\"url\":\"https:\/\/dieresis.com\/en\/franz-west-austria-1947\/\",\"name\":\"Franz West (Austria, 1947) - Colecci\u00f3n Di\u00e9resis\",\"isPartOf\":{\"@id\":\"https:\/\/dieresis.com\/en\/#website\"},\"datePublished\":\"2021-10-25T18:36:34+00:00\",\"dateModified\":\"2021-10-25T18:36:34+00:00\",\"author\":{\"@id\":\"https:\/\/dieresis.com\/en\/#\/schema\/person\/f07ebb4a0bf70a8625b9c30b2b0c6f96\"},\"breadcrumb\":{\"@id\":\"https:\/\/dieresis.com\/en\/franz-west-austria-1947\/#breadcrumb\"},\"inLanguage\":\"en-US\",\"potentialAction\":[{\"@type\":\"ReadAction\",\"target\":[\"https:\/\/dieresis.com\/en\/franz-west-austria-1947\/\"]}]},{\"@type\":\"BreadcrumbList\",\"@id\":\"https:\/\/dieresis.com\/en\/franz-west-austria-1947\/#breadcrumb\",\"itemListElement\":[{\"@type\":\"ListItem\",\"position\":1,\"name\":\"Home\",\"item\":\"https:\/\/dieresis.com\/en\/\"},{\"@type\":\"ListItem\",\"position\":2,\"name\":\"Franz West (Austria, 1947)\"}]},{\"@type\":\"WebSite\",\"@id\":\"https:\/\/dieresis.com\/en\/#website\",\"url\":\"https:\/\/dieresis.com\/en\/\",\"name\":\"Colecci\u00f3n Di\u00e9resis\",\"description\":\"Arte Contempor\u00e1neo\",\"potentialAction\":[{\"@type\":\"SearchAction\",\"target\":{\"@type\":\"EntryPoint\",\"urlTemplate\":\"https:\/\/dieresis.com\/en\/?s={search_term_string}\"},\"query-input\":\"required name=search_term_string\"}],\"inLanguage\":\"en-US\"},{\"@type\":\"Person\",\"@id\":\"https:\/\/dieresis.com\/en\/#\/schema\/person\/f07ebb4a0bf70a8625b9c30b2b0c6f96\",\"name\":\"dieradmesis\",\"image\":{\"@type\":\"ImageObject\",\"inLanguage\":\"en-US\",\"@id\":\"https:\/\/dieresis.com\/en\/#\/schema\/person\/image\/\",\"url\":\"https:\/\/secure.gravatar.com\/avatar\/f0e2d1fc01ac98fe842749657eaa45ec0df66ed605ccb8f6ece3012942796079?s=96&d=mm&r=g\",\"contentUrl\":\"https:\/\/secure.gravatar.com\/avatar\/f0e2d1fc01ac98fe842749657eaa45ec0df66ed605ccb8f6ece3012942796079?s=96&d=mm&r=g\",\"caption\":\"dieradmesis\"},\"sameAs\":[\"https:\/\/dieresis.com\"],\"url\":\"https:\/\/dieresis.com\/en\/author\/dieradmesis\/\"}]}<\/script>\n<!-- \/ Yoast SEO plugin. -->","yoast_head_json":{"title":"Franz West (Austria, 1947) - Colecci\u00f3n Di\u00e9resis","robots":{"index":"index","follow":"follow","max-snippet":"max-snippet:-1","max-image-preview":"max-image-preview:large","max-video-preview":"max-video-preview:-1"},"canonical":"https:\/\/dieresis.com\/en\/franz-west-austria-1947\/","og_locale":"en_US","og_type":"article","og_title":"Franz West (Austria, 1947) - Colecci\u00f3n Di\u00e9resis","og_description":"Vivian Suter (Argentina, 1949)Suter\u2019s pictures and the photographic works and paper sketches she creates alongside them are depictions, commentaries and interpretations of her outer and inner surroundings. But they are also appropriations of these. They appropriate themselves to their surroundings, and in turn are appropriated by these very surroundings. Travelling through North and Central America [&hellip;]","og_url":"https:\/\/dieresis.com\/en\/franz-west-austria-1947\/","og_site_name":"Colecci\u00f3n Di\u00e9resis","article_published_time":"2021-10-25T18:36:34+00:00","og_image":[{"width":300,"height":401,"url":"https:\/\/dieresis.com\/wp-content\/uploads\/2021\/10\/Suspension-Lamp-1991-Franz-West-Austria-1947.jpg","type":"image\/jpeg"}],"author":"dieradmesis","twitter_card":"summary_large_image","twitter_misc":{"Written by":"dieradmesis"},"schema":{"@context":"https:\/\/schema.org","@graph":[{"@type":"WebPage","@id":"https:\/\/dieresis.com\/en\/franz-west-austria-1947\/","url":"https:\/\/dieresis.com\/en\/franz-west-austria-1947\/","name":"Franz West (Austria, 1947) - Colecci\u00f3n Di\u00e9resis","isPartOf":{"@id":"https:\/\/dieresis.com\/en\/#website"},"datePublished":"2021-10-25T18:36:34+00:00","dateModified":"2021-10-25T18:36:34+00:00","author":{"@id":"https:\/\/dieresis.com\/en\/#\/schema\/person\/f07ebb4a0bf70a8625b9c30b2b0c6f96"},"breadcrumb":{"@id":"https:\/\/dieresis.com\/en\/franz-west-austria-1947\/#breadcrumb"},"inLanguage":"en-US","potentialAction":[{"@type":"ReadAction","target":["https:\/\/dieresis.com\/en\/franz-west-austria-1947\/"]}]},{"@type":"BreadcrumbList","@id":"https:\/\/dieresis.com\/en\/franz-west-austria-1947\/#breadcrumb","itemListElement":[{"@type":"ListItem","position":1,"name":"Home","item":"https:\/\/dieresis.com\/en\/"},{"@type":"ListItem","position":2,"name":"Franz West (Austria, 1947)"}]},{"@type":"WebSite","@id":"https:\/\/dieresis.com\/en\/#website","url":"https:\/\/dieresis.com\/en\/","name":"Colecci\u00f3n Di\u00e9resis","description":"Arte Contempor\u00e1neo","potentialAction":[{"@type":"SearchAction","target":{"@type":"EntryPoint","urlTemplate":"https:\/\/dieresis.com\/en\/?s={search_term_string}"},"query-input":"required name=search_term_string"}],"inLanguage":"en-US"},{"@type":"Person","@id":"https:\/\/dieresis.com\/en\/#\/schema\/person\/f07ebb4a0bf70a8625b9c30b2b0c6f96","name":"dieradmesis","image":{"@type":"ImageObject","inLanguage":"en-US","@id":"https:\/\/dieresis.com\/en\/#\/schema\/person\/image\/","url":"https:\/\/secure.gravatar.com\/avatar\/f0e2d1fc01ac98fe842749657eaa45ec0df66ed605ccb8f6ece3012942796079?s=96&d=mm&r=g","contentUrl":"https:\/\/secure.gravatar.com\/avatar\/f0e2d1fc01ac98fe842749657eaa45ec0df66ed605ccb8f6ece3012942796079?s=96&d=mm&r=g","caption":"dieradmesis"},"sameAs":["https:\/\/dieresis.com"],"url":"https:\/\/dieresis.com\/en\/author\/dieradmesis\/"}]}},"_links":{"self":[{"href":"https:\/\/dieresis.com\/en\/wp-json\/wp\/v2\/posts\/563","targetHints":{"allow":["GET"]}}],"collection":[{"href":"https:\/\/dieresis.com\/en\/wp-json\/wp\/v2\/posts"}],"about":[{"href":"https:\/\/dieresis.com\/en\/wp-json\/wp\/v2\/types\/post"}],"author":[{"embeddable":true,"href":"https:\/\/dieresis.com\/en\/wp-json\/wp\/v2\/users\/2"}],"replies":[{"embeddable":true,"href":"https:\/\/dieresis.com\/en\/wp-json\/wp\/v2\/comments?post=563"}],"version-history":[{"count":0,"href":"https:\/\/dieresis.com\/en\/wp-json\/wp\/v2\/posts\/563\/revisions"}],"wp:featuredmedia":[{"embeddable":true,"href":"https:\/\/dieresis.com\/en\/wp-json\/wp\/v2\/media\/561"}],"wp:attachment":[{"href":"https:\/\/dieresis.com\/en\/wp-json\/wp\/v2\/media?parent=563"}],"wp:term":[{"taxonomy":"category","embeddable":true,"href":"https:\/\/dieresis.com\/en\/wp-json\/wp\/v2\/categories?post=563"},{"taxonomy":"post_tag","embeddable":true,"href":"https:\/\/dieresis.com\/en\/wp-json\/wp\/v2\/tags?post=563"}],"curies":[{"name":"wp","href":"https:\/\/api.w.org\/{rel}","templated":true}]}}