{"id":558,"date":"2021-10-25T13:28:12","date_gmt":"2021-10-25T18:28:12","guid":{"rendered":"https:\/\/dieresis.com\/adrian-villar-rojas-argentina-1980\/"},"modified":"2021-10-25T13:28:12","modified_gmt":"2021-10-25T18:28:12","slug":"adrian-villar-rojas-argentina-1980","status":"publish","type":"post","link":"https:\/\/dieresis.com\/en\/adrian-villar-rojas-argentina-1980\/","title":{"rendered":"Adri\u00e1n Villar Rojas (Argentina, 1980)"},"content":{"rendered":"<!--themify_builder_content-->\n<div id=\"themify_builder_content-558\" data-postid=\"558\" class=\"themify_builder_content themify_builder_content-558 themify_builder tf_clear\">\n    \t\t\t<!-- module_row -->\n\t<div  data-lazy=\"1\" class=\"module_row themify_builder_row tb_8sz1664 tb_first tf_w tf_clearfix\">\n\t    \t\t\t<div class=\"row_inner col_align_top tb_col_count_2 tf_box tf_rel\">\n\t\t            <div  data-lazy=\"1\" class=\"module_column tb-column col3-2 tb_il0y664 first\">\n                                                        <div class=\"tb-column-inner tf_box tf_w\">\n                        <!-- module image -->\n<div  class=\"module module-image tb_2c1w664   image-top tf_mw\" data-lazy=\"1\">\n        <div class=\"image-wrap tf_rel tf_mw\">\n\t\t    <a href=\"https:\/\/dieresis.com\/wp-content\/uploads\/2021\/10\/Serie-Today-We-Reboot-the-Planet-2014-Adrian-Villar-Rojas-Argentina-1980.jpg\"\n\t        class=\"lightbox-builder themify_lightbox\"\t       >\n\t\t   \t\t<img decoding=\"async\" width=\"1082\" height=\"497\" src=\"https:\/\/dieresis.com\/wp-content\/uploads\/2021\/10\/Serie-Today-We-Reboot-the-Planet-2014-Adrian-Villar-Rojas-Argentina-1980.jpg\" class=\"wp-post-image wp-image-553\" title=\"Serie &quot;Today We Reboot the Planet&quot;, 2014. Adri\u00e1n Villar Rojas (Argentina, 1980).\" alt=\"Serie &quot;Today We Reboot the Planet&quot;, 2014. Adri\u00e1n Villar Rojas (Argentina, 1980).\" srcset=\"https:\/\/dieresis.com\/wp-content\/uploads\/2021\/10\/Serie-Today-We-Reboot-the-Planet-2014-Adrian-Villar-Rojas-Argentina-1980.jpg 1082w, https:\/\/dieresis.com\/wp-content\/uploads\/2021\/10\/Serie-Today-We-Reboot-the-Planet-2014-Adrian-Villar-Rojas-Argentina-1980-300x138.jpg 300w, https:\/\/dieresis.com\/wp-content\/uploads\/2021\/10\/Serie-Today-We-Reboot-the-Planet-2014-Adrian-Villar-Rojas-Argentina-1980-1024x470.jpg 1024w, https:\/\/dieresis.com\/wp-content\/uploads\/2021\/10\/Serie-Today-We-Reboot-the-Planet-2014-Adrian-Villar-Rojas-Argentina-1980-768x353.jpg 768w\" sizes=\"(max-width: 1082px) 100vw, 1082px\" \/>\t    <\/a>\n\t\n\t\t<\/div>\n\t<!-- \/image-wrap -->\n    \n    \t<div class=\"image-content\">\n\t    \n\t    \t\t<div class=\"image-caption tb_text_wrap\">\n\t\t    <strong><i>Serie &#8220;Today We Reboot the Planet&#8221;,<\/i>, 2014.<\/strong>\r\n<br>\r\n30.5 x 45.5 cm. Each.\r\n<br>\r\nGraphite on paper (Set of 5).\t    <\/div>\n\t    <!-- \/image-caption -->\n\t    \t<\/div>\n\t<!-- \/image-content -->\n    \t<\/div>\n<!-- \/module image --><!-- module text -->\n<div  class=\"module module-text tb_h6z9666   \" data-lazy=\"1\">\n        <div  class=\"tb_text_wrap\">\n    <h4>Adri\u00e1n Villar Rojas (Argentina, 1980)<\/h4><p>Adri\u00e1n Villar Rojas\u2019 artistic production exists in an imaginary dimension where men face their obsolescence and eventual extinction, playing with perceptions of time and its representation in human culture. Villar Rojas uses aspects of drawing, sculpture, music, science fiction and installation to create dream-like alternate realities that allude to an apocalyptic or mythological end of the world. Often working in clay, his installations are colossal and immersive, provoking sensations of unease for their embodiment of both physical and temporal immensity; the objects he creates seem at once timeless and ancient, relics from an ambiguous future or past that question our notions of time, history, and modernity. Villar Rojas provocatively merges reality and illusion to produce situations of overwhelming strangeness that test the limits of the imagination. However, the use of clay and elements from the natural world offer an opportunity to reconnect with the basic humanity of the material on a more modest scale. The process of creation is often mimicked in the work itself, resulting in objects that embrace all things realized and unrealized, imagined and performed, possible and impossible. His most important exhibitions include: Adri\u00e1n Villar Rojas \u2013 Fantasma, Moderna Museet, Stockholm, Sweden (2015); The Evolution of God, High Line at the Rail Yards, New York United States (2014); Adri\u00e1n Villar Rojas \u2013 Films Before Revolution, Museum Haus Konstruktiv, Z\u00fcrich, Zwitzerland (2013); Today We Reboot the Planet, Serpentine Sackler Gallery, London, United Kingdom (2013); Adri\u00e1n Villar Rojas: La inocencia de los animales, Expo 1, MoMA PS1, New York, United States (2013); Return the world, dOCUMENTA (13), Kassel Germany (2012); Before my birth, Arts Brookfield with The New Museum triennial \u201cThe Ungovernables\u201d and World Financial Center Plaza New York, USA (2012); El asesino de tu herencia (The Murderer of Your Heritage), 54th Venice Biennial, Argentinian pavilion, Venice, Italy (2011); Poems for Earthlings, SAM ART Projects, Jardin des Tuileries, Mus\u00e9e du Louvre Paris, France (2011). Moreover, his work has been included in group exhibitions at institutions such as The New Museum, New York, United States (2012); Serpentine Gallery, London, United Kingdom (2010); Akademie der K\u00fcnste, Berlin, Germany (2010); CCA Wattis Institute for Contemporary Arts, San Francisco, United States (2009); Sao Paulo Museum of Modern Art, S\u00e3o Paulo, Brazil (2009) among others.<\/p>    <\/div>\n<\/div>\n<!-- \/module text -->                    <\/div><!-- .tb-column-inner -->\n                            <\/div><!-- .module_column -->\n                        <div  data-lazy=\"1\" class=\"module_column tb-column col3-1 tb_77av666 last\">\n                                                        <div class=\"tb-column-inner tf_box tf_w\">\n                        <!-- module template_part -->\n<div  class=\"module module-layout-part tb_gcds923 \">\n    <div class=\"tb_layout_part_wrap tf_w\"><!--themify_builder_content-->\n    <div  class=\"themify_builder_content themify_builder_content-402 themify_builder not_editable_builder in_the_loop\" data-postid=\"402\">\n        \t\t\t<!-- module_row -->\n\t<div  id=\"select_artist\" data-lazy=\"1\" class=\"module_row themify_builder_row tb_vaxf180 tf_w tf_clearfix\">\n\t    \t\t\t<div class=\"row_inner col_align_top tb_col_count_1 tf_box tf_rel\">\n\t\t            <div  data-lazy=\"1\" class=\"module_column tb-column col-full tb_98xu181 first\">\n                                                        <div class=\"tb-column-inner tf_box tf_w\">\n                        <!-- module widget -->\n<div  class=\"module module-widget tb_scf8566  \" data-lazy=\"1\">\n\t<div class=\"widget feature-posts\"><ul class=\"feature-posts-list\"><li><a href=\"https:\/\/dieresis.com\/en\/abraham-cruzvillegas-mexico-1968\/\" class=\"feature-posts-title\">Abraham Cruzvillegas (M\u00e9xico, 1968)<\/a> <br \/><\/li><li><a href=\"https:\/\/dieresis.com\/en\/adrian-villar-rojas-argentina-1980\/\" class=\"feature-posts-title\">Adri\u00e1n Villar Rojas (Argentina, 1980)<\/a> <br \/><\/li><li><a href=\"https:\/\/dieresis.com\/en\/allen-ruppersberg-usa-1944\/\" class=\"feature-posts-title\">Allen Ruppersberg (USA, 1944)<\/a> <br \/><\/li><li><a href=\"https:\/\/dieresis.com\/en\/bruce-nauman-usa-1941\/\" class=\"feature-posts-title\">Bruce Nauman (USA, 1941)<\/a> <br \/><\/li><li><a href=\"https:\/\/dieresis.com\/en\/claire-fontaine-france-2004\/\" class=\"feature-posts-title\">Claire Fontaine (France, 2004)<\/a> <br \/><\/li><li><a href=\"https:\/\/dieresis.com\/en\/cynthia-gutierrez-mexico-1978\/\" class=\"feature-posts-title\">Cynthia Gutierrez (M\u00e9xico, 1978)<\/a> <br \/><\/li><li><a href=\"https:\/\/dieresis.com\/en\/daniel-guzman-mexico-city-1964\/\" class=\"feature-posts-title\">Daniel Guzm\u00e1n (Mexico City, 1964)<\/a> <br \/><\/li><li><a href=\"https:\/\/dieresis.com\/en\/eduardo-sarabia-usa-1976\/\" class=\"feature-posts-title\">Eduardo Sarabia (USA, 1976)<\/a> <br \/><\/li><li><a href=\"https:\/\/dieresis.com\/en\/francisco-ugarte-mexico-1973\/\" class=\"feature-posts-title\">Francisco Ugarte (M\u00e9xico, 1973)<\/a> <br \/><\/li><li><a href=\"https:\/\/dieresis.com\/en\/franz-west-austria-1947\/\" class=\"feature-posts-title\">Franz West (Austria, 1947)<\/a> <br \/><\/li><li><a href=\"https:\/\/dieresis.com\/en\/jorge-mendez-blake-mexico-1974\/\" class=\"feature-posts-title\">Jorge M\u00e9ndez Blake (M\u00e9xico, 1974)<\/a> <br \/><\/li><li><a href=\"https:\/\/dieresis.com\/en\/marcel-duchamp-france-1887\/\" class=\"feature-posts-title\">Marcel Duchamp (France, 1887)<\/a> <br \/><\/li><li><a href=\"https:\/\/dieresis.com\/en\/mario-garcia-torres-mexico-1975\/\" class=\"feature-posts-title\">Mario Garc\u00eda Torres (M\u00e9xico, 1975)<\/a> <br \/><\/li><li><a href=\"https:\/\/dieresis.com\/en\/oscar-murillo-colombia-1986\/\" class=\"feature-posts-title\">Oscar Murillo (Colombia, 1986)<\/a> <br \/><\/li><li><a href=\"https:\/\/dieresis.com\/en\/pia-camil-mexico-1980\/\" class=\"feature-posts-title\">P\u00eda Camil (M\u00e9xico, 1980)<\/a> <br \/><\/li><li><a href=\"https:\/\/dieresis.com\/en\/priscilla-monge-costa-rica-1968\/\" class=\"feature-posts-title\">Priscilla Monge (Costa Rica, 1968)<\/a> <br \/><\/li><li><a href=\"https:\/\/dieresis.com\/en\/raymond-pettibon-usa-1957\/\" class=\"feature-posts-title\">Raymond Pettibon (USA, 1957)<\/a> <br \/><\/li><li><a href=\"https:\/\/dieresis.com\/en\/roberto-rebora-mexico-1963\/\" class=\"feature-posts-title\">Roberto R\u00e9bora (M\u00e9xico, 1963)<\/a> <br \/><\/li><li><a href=\"https:\/\/dieresis.com\/en\/saadane-afif-france-1970\/\" class=\"feature-posts-title\">Sa\u00e2dane Afif (France, 1970)<\/a> <br \/><\/li><li><a href=\"https:\/\/dieresis.com\/en\/sharon-hayes-usa-1970\/\" class=\"feature-posts-title\">Sharon Hayes (USA, 1970)<\/a> <br \/><\/li><li><a href=\"https:\/\/dieresis.com\/en\/superflex-denmark-1993\/\" class=\"feature-posts-title\">SUPERFLEX (Denmark, 1993)<\/a> <br \/><\/li><li><a href=\"https:\/\/dieresis.com\/en\/thomas-hirschhorn-switzerland-1957\/\" class=\"feature-posts-title\">Thomas Hirschhorn (Switzerland, 1957)<\/a> <br \/><\/li><li><a href=\"https:\/\/dieresis.com\/en\/ulises-carrion-mexico-1941\/\" class=\"feature-posts-title\">Ulises Carri\u00f3n (M\u00e9xico, 1941)<\/a> <br \/><\/li><li><a href=\"https:\/\/dieresis.com\/en\/vivian-suter-argentina-1949\/\" class=\"feature-posts-title\">Vivian Suter (Argentina, 1949)<\/a> <br \/><\/li><\/ul><\/div><\/div>\n<!-- \/module widget -->\n                    <\/div><!-- .tb-column-inner -->\n                            <\/div><!-- .module_column -->\n            \t    <\/div><!-- .row_inner -->\n\t<\/div><!-- .module_row -->\n\t    <\/div>\n<!--\/themify_builder_content--><\/div>\n<\/div>\n<!-- \/module template_part -->                    <\/div><!-- .tb-column-inner -->\n                            <\/div><!-- .module_column -->\n            \t    <\/div><!-- .row_inner -->\n\t<\/div><!-- .module_row -->\n\t<\/div>\n<!--\/themify_builder_content-->","protected":false},"excerpt":{"rendered":"<p>Serie &#8220;Today We Reboot the Planet&#8221;,, 2014. 30.5 x 45.5 cm cada pieza. Grafito sobre papel (Set de 5). Adri\u00e1n Villar Rojas (Argentina, 1980) La obra de Adri\u00e1n Villar Rojas existe en una dimensi\u00f3n temporal y casi imaginaria en la que el hombre se enfrenta a su propia obsolescencia y su inminente extinci\u00f3n, que juega [&hellip;]<\/p>\n","protected":false},"author":2,"featured_media":553,"comment_status":"open","ping_status":"open","sticky":false,"template":"","format":"standard","meta":{"footnotes":""},"categories":[16],"tags":[],"class_list":["post-558","post","type-post","status-publish","format-standard","has-post-thumbnail","hentry","category-highlights","has-post-title","has-post-date","has-post-category","has-post-tag","has-post-comment","has-post-author",""],"yoast_head":"<!-- This site is optimized with the Yoast SEO plugin v20.10 - https:\/\/yoast.com\/wordpress\/plugins\/seo\/ -->\n<title>Adri\u00e1n Villar Rojas (Argentina, 1980) - Colecci\u00f3n Di\u00e9resis<\/title>\n<meta name=\"robots\" content=\"index, follow, max-snippet:-1, max-image-preview:large, max-video-preview:-1\" \/>\n<link rel=\"canonical\" href=\"https:\/\/dieresis.com\/en\/adrian-villar-rojas-argentina-1980\/\" \/>\n<meta property=\"og:locale\" content=\"en_US\" \/>\n<meta property=\"og:type\" content=\"article\" \/>\n<meta property=\"og:title\" content=\"Adri\u00e1n Villar Rojas (Argentina, 1980) - Colecci\u00f3n Di\u00e9resis\" \/>\n<meta property=\"og:description\" content=\"Serie &#8220;Today We Reboot the Planet&#8221;,, 2014. 30.5 x 45.5 cm cada pieza. Grafito sobre papel (Set de 5). Adri\u00e1n Villar Rojas (Argentina, 1980) La obra de Adri\u00e1n Villar Rojas existe en una dimensi\u00f3n temporal y casi imaginaria en la que el hombre se enfrenta a su propia obsolescencia y su inminente extinci\u00f3n, que juega [&hellip;]\" \/>\n<meta property=\"og:url\" content=\"https:\/\/dieresis.com\/en\/adrian-villar-rojas-argentina-1980\/\" \/>\n<meta property=\"og:site_name\" content=\"Colecci\u00f3n Di\u00e9resis\" \/>\n<meta property=\"article:published_time\" content=\"2021-10-25T18:28:12+00:00\" \/>\n<meta property=\"og:image\" content=\"https:\/\/dieresis.com\/wp-content\/uploads\/2021\/10\/Serie-Today-We-Reboot-the-Planet-2014-Adrian-Villar-Rojas-Argentina-1980.jpg\" \/>\n\t<meta property=\"og:image:width\" content=\"1082\" \/>\n\t<meta property=\"og:image:height\" content=\"497\" \/>\n\t<meta property=\"og:image:type\" content=\"image\/jpeg\" \/>\n<meta name=\"author\" content=\"dieradmesis\" \/>\n<meta name=\"twitter:card\" content=\"summary_large_image\" \/>\n<meta name=\"twitter:label1\" content=\"Written by\" \/>\n\t<meta name=\"twitter:data1\" content=\"dieradmesis\" \/>\n\t<meta name=\"twitter:label2\" content=\"Est. reading time\" \/>\n\t<meta name=\"twitter:data2\" content=\"3 minutes\" \/>\n<script type=\"application\/ld+json\" class=\"yoast-schema-graph\">{\"@context\":\"https:\/\/schema.org\",\"@graph\":[{\"@type\":\"WebPage\",\"@id\":\"https:\/\/dieresis.com\/en\/adrian-villar-rojas-argentina-1980\/\",\"url\":\"https:\/\/dieresis.com\/en\/adrian-villar-rojas-argentina-1980\/\",\"name\":\"Adri\u00e1n Villar Rojas (Argentina, 1980) - Colecci\u00f3n Di\u00e9resis\",\"isPartOf\":{\"@id\":\"https:\/\/dieresis.com\/en\/#website\"},\"datePublished\":\"2021-10-25T18:28:12+00:00\",\"dateModified\":\"2021-10-25T18:28:12+00:00\",\"author\":{\"@id\":\"https:\/\/dieresis.com\/en\/#\/schema\/person\/f07ebb4a0bf70a8625b9c30b2b0c6f96\"},\"breadcrumb\":{\"@id\":\"https:\/\/dieresis.com\/en\/adrian-villar-rojas-argentina-1980\/#breadcrumb\"},\"inLanguage\":\"en-US\",\"potentialAction\":[{\"@type\":\"ReadAction\",\"target\":[\"https:\/\/dieresis.com\/en\/adrian-villar-rojas-argentina-1980\/\"]}]},{\"@type\":\"BreadcrumbList\",\"@id\":\"https:\/\/dieresis.com\/en\/adrian-villar-rojas-argentina-1980\/#breadcrumb\",\"itemListElement\":[{\"@type\":\"ListItem\",\"position\":1,\"name\":\"Home\",\"item\":\"https:\/\/dieresis.com\/en\/\"},{\"@type\":\"ListItem\",\"position\":2,\"name\":\"Adri\u00e1n Villar Rojas (Argentina, 1980)\"}]},{\"@type\":\"WebSite\",\"@id\":\"https:\/\/dieresis.com\/en\/#website\",\"url\":\"https:\/\/dieresis.com\/en\/\",\"name\":\"Colecci\u00f3n Di\u00e9resis\",\"description\":\"Arte Contempor\u00e1neo\",\"potentialAction\":[{\"@type\":\"SearchAction\",\"target\":{\"@type\":\"EntryPoint\",\"urlTemplate\":\"https:\/\/dieresis.com\/en\/?s={search_term_string}\"},\"query-input\":\"required name=search_term_string\"}],\"inLanguage\":\"en-US\"},{\"@type\":\"Person\",\"@id\":\"https:\/\/dieresis.com\/en\/#\/schema\/person\/f07ebb4a0bf70a8625b9c30b2b0c6f96\",\"name\":\"dieradmesis\",\"image\":{\"@type\":\"ImageObject\",\"inLanguage\":\"en-US\",\"@id\":\"https:\/\/dieresis.com\/en\/#\/schema\/person\/image\/\",\"url\":\"https:\/\/secure.gravatar.com\/avatar\/f0e2d1fc01ac98fe842749657eaa45ec0df66ed605ccb8f6ece3012942796079?s=96&d=mm&r=g\",\"contentUrl\":\"https:\/\/secure.gravatar.com\/avatar\/f0e2d1fc01ac98fe842749657eaa45ec0df66ed605ccb8f6ece3012942796079?s=96&d=mm&r=g\",\"caption\":\"dieradmesis\"},\"sameAs\":[\"https:\/\/dieresis.com\"],\"url\":\"https:\/\/dieresis.com\/en\/author\/dieradmesis\/\"}]}<\/script>\n<!-- \/ Yoast SEO plugin. -->","yoast_head_json":{"title":"Adri\u00e1n Villar Rojas (Argentina, 1980) - Colecci\u00f3n Di\u00e9resis","robots":{"index":"index","follow":"follow","max-snippet":"max-snippet:-1","max-image-preview":"max-image-preview:large","max-video-preview":"max-video-preview:-1"},"canonical":"https:\/\/dieresis.com\/en\/adrian-villar-rojas-argentina-1980\/","og_locale":"en_US","og_type":"article","og_title":"Adri\u00e1n Villar Rojas (Argentina, 1980) - Colecci\u00f3n Di\u00e9resis","og_description":"Serie &#8220;Today We Reboot the Planet&#8221;,, 2014. 30.5 x 45.5 cm cada pieza. Grafito sobre papel (Set de 5). Adri\u00e1n Villar Rojas (Argentina, 1980) La obra de Adri\u00e1n Villar Rojas existe en una dimensi\u00f3n temporal y casi imaginaria en la que el hombre se enfrenta a su propia obsolescencia y su inminente extinci\u00f3n, que juega [&hellip;]","og_url":"https:\/\/dieresis.com\/en\/adrian-villar-rojas-argentina-1980\/","og_site_name":"Colecci\u00f3n Di\u00e9resis","article_published_time":"2021-10-25T18:28:12+00:00","og_image":[{"width":1082,"height":497,"url":"https:\/\/dieresis.com\/wp-content\/uploads\/2021\/10\/Serie-Today-We-Reboot-the-Planet-2014-Adrian-Villar-Rojas-Argentina-1980.jpg","type":"image\/jpeg"}],"author":"dieradmesis","twitter_card":"summary_large_image","twitter_misc":{"Written by":"dieradmesis","Est. reading time":"3 minutes"},"schema":{"@context":"https:\/\/schema.org","@graph":[{"@type":"WebPage","@id":"https:\/\/dieresis.com\/en\/adrian-villar-rojas-argentina-1980\/","url":"https:\/\/dieresis.com\/en\/adrian-villar-rojas-argentina-1980\/","name":"Adri\u00e1n Villar Rojas (Argentina, 1980) - Colecci\u00f3n Di\u00e9resis","isPartOf":{"@id":"https:\/\/dieresis.com\/en\/#website"},"datePublished":"2021-10-25T18:28:12+00:00","dateModified":"2021-10-25T18:28:12+00:00","author":{"@id":"https:\/\/dieresis.com\/en\/#\/schema\/person\/f07ebb4a0bf70a8625b9c30b2b0c6f96"},"breadcrumb":{"@id":"https:\/\/dieresis.com\/en\/adrian-villar-rojas-argentina-1980\/#breadcrumb"},"inLanguage":"en-US","potentialAction":[{"@type":"ReadAction","target":["https:\/\/dieresis.com\/en\/adrian-villar-rojas-argentina-1980\/"]}]},{"@type":"BreadcrumbList","@id":"https:\/\/dieresis.com\/en\/adrian-villar-rojas-argentina-1980\/#breadcrumb","itemListElement":[{"@type":"ListItem","position":1,"name":"Home","item":"https:\/\/dieresis.com\/en\/"},{"@type":"ListItem","position":2,"name":"Adri\u00e1n Villar Rojas (Argentina, 1980)"}]},{"@type":"WebSite","@id":"https:\/\/dieresis.com\/en\/#website","url":"https:\/\/dieresis.com\/en\/","name":"Colecci\u00f3n Di\u00e9resis","description":"Arte Contempor\u00e1neo","potentialAction":[{"@type":"SearchAction","target":{"@type":"EntryPoint","urlTemplate":"https:\/\/dieresis.com\/en\/?s={search_term_string}"},"query-input":"required name=search_term_string"}],"inLanguage":"en-US"},{"@type":"Person","@id":"https:\/\/dieresis.com\/en\/#\/schema\/person\/f07ebb4a0bf70a8625b9c30b2b0c6f96","name":"dieradmesis","image":{"@type":"ImageObject","inLanguage":"en-US","@id":"https:\/\/dieresis.com\/en\/#\/schema\/person\/image\/","url":"https:\/\/secure.gravatar.com\/avatar\/f0e2d1fc01ac98fe842749657eaa45ec0df66ed605ccb8f6ece3012942796079?s=96&d=mm&r=g","contentUrl":"https:\/\/secure.gravatar.com\/avatar\/f0e2d1fc01ac98fe842749657eaa45ec0df66ed605ccb8f6ece3012942796079?s=96&d=mm&r=g","caption":"dieradmesis"},"sameAs":["https:\/\/dieresis.com"],"url":"https:\/\/dieresis.com\/en\/author\/dieradmesis\/"}]}},"_links":{"self":[{"href":"https:\/\/dieresis.com\/en\/wp-json\/wp\/v2\/posts\/558","targetHints":{"allow":["GET"]}}],"collection":[{"href":"https:\/\/dieresis.com\/en\/wp-json\/wp\/v2\/posts"}],"about":[{"href":"https:\/\/dieresis.com\/en\/wp-json\/wp\/v2\/types\/post"}],"author":[{"embeddable":true,"href":"https:\/\/dieresis.com\/en\/wp-json\/wp\/v2\/users\/2"}],"replies":[{"embeddable":true,"href":"https:\/\/dieresis.com\/en\/wp-json\/wp\/v2\/comments?post=558"}],"version-history":[{"count":0,"href":"https:\/\/dieresis.com\/en\/wp-json\/wp\/v2\/posts\/558\/revisions"}],"wp:featuredmedia":[{"embeddable":true,"href":"https:\/\/dieresis.com\/en\/wp-json\/wp\/v2\/media\/553"}],"wp:attachment":[{"href":"https:\/\/dieresis.com\/en\/wp-json\/wp\/v2\/media?parent=558"}],"wp:term":[{"taxonomy":"category","embeddable":true,"href":"https:\/\/dieresis.com\/en\/wp-json\/wp\/v2\/categories?post=558"},{"taxonomy":"post_tag","embeddable":true,"href":"https:\/\/dieresis.com\/en\/wp-json\/wp\/v2\/tags?post=558"}],"curies":[{"name":"wp","href":"https:\/\/api.w.org\/{rel}","templated":true}]}}