{"id":377,"date":"2021-10-24T22:37:16","date_gmt":"2021-10-25T03:37:16","guid":{"rendered":"https:\/\/dieresis.com\/pia-camil-mexico-1980\/"},"modified":"2021-10-25T00:20:30","modified_gmt":"2021-10-25T05:20:30","slug":"pia-camil-mexico-1980","status":"publish","type":"post","link":"https:\/\/dieresis.com\/en\/pia-camil-mexico-1980\/","title":{"rendered":"P\u00eda Camil (M\u00e9xico, 1980)"},"content":{"rendered":"<!--themify_builder_content-->\n<div id=\"themify_builder_content-377\" data-postid=\"377\" class=\"themify_builder_content themify_builder_content-377 themify_builder tf_clear\">\n    \t\t\t<!-- module_row -->\n\t<div  data-lazy=\"1\" class=\"module_row themify_builder_row tb_8sz1664 tb_first tf_w tf_clearfix\">\n\t    \t\t\t<div class=\"row_inner col_align_top tb_col_count_2 tf_box tf_rel\">\n\t\t            <div  data-lazy=\"1\" class=\"module_column tb-column col3-2 tb_il0y664 first\">\n                                                        <div class=\"tb-column-inner tf_box tf_w\">\n                        <!-- module image -->\n<div  class=\"module module-image tb_2c1w664   image-top tf_mw\" data-lazy=\"1\">\n        <div class=\"image-wrap tf_rel tf_mw\">\n\t\t    <a href=\"https:\/\/dieresis.com\/wp-content\/uploads\/2021\/10\/Espectacular-Telon-Toluca-IV-2014-Pia-Camil-Mexico-1980.jpg\"\n\t       \t       >\n\t\t   \t\t<img decoding=\"async\" width=\"739\" height=\"592\" src=\"https:\/\/dieresis.com\/wp-content\/uploads\/2021\/10\/Espectacular-Telon-Toluca-IV-2014-Pia-Camil-Mexico-1980.jpg\" class=\"wp-post-image wp-image-380\" title=\"Espectacular Tel\u00f3n Toluca IV, 2014. Pia Camil (Me\u0301xico 1980).\" alt=\"Espectacular Tel\u00f3n Toluca IV, 2014. Pia Camil (Me\u0301xico 1980).\" srcset=\"https:\/\/dieresis.com\/wp-content\/uploads\/2021\/10\/Espectacular-Telon-Toluca-IV-2014-Pia-Camil-Mexico-1980.jpg 739w, https:\/\/dieresis.com\/wp-content\/uploads\/2021\/10\/Espectacular-Telon-Toluca-IV-2014-Pia-Camil-Mexico-1980-300x240.jpg 300w\" sizes=\"(max-width: 739px) 100vw, 739px\" \/>\t    <\/a>\n\t\n\t\t<\/div>\n\t<!-- \/image-wrap -->\n    \n    \t<div class=\"image-content\">\n\t    \n\t    \t\t<div class=\"image-caption tb_text_wrap\">\n\t\t    <strong><i>Espectacular Tel\u00f3n Toluca IV<\/i>, 2014.<\/strong>\r\n<br>\r\n295 x 352 cm.\r\n<br>\r\nCotton tarpauling hand dyed and handwoven\t    <\/div>\n\t    <!-- \/image-caption -->\n\t    \t<\/div>\n\t<!-- \/image-content -->\n    \t<\/div>\n<!-- \/module image --><!-- module text -->\n<div  class=\"module module-text tb_h6z9666   \" data-lazy=\"1\">\n        <div  class=\"tb_text_wrap\">\n    <h4>Pia Camil (Me\u0301xico 1980)<\/h4><p>Pia Camil received her Bachelor\u2019s of Fine Arts from The Rhode Island School of Design in 2003 and her Master\u2019s of Fine Arts from The Slade School of Fine Art in 2008. Her solo exhibitions include &#8220;Espectacular Tel\u00f3n&#8221; at Sultana Gallery, Paris (2013), &#8220;Cuadrado Negro&#8221; at the Basque museum-center of contemporary art in Spain (2013), and \u201cEl Resplandor\u201d at OMR projects, Mexico City (2009).<\/p><p>Other group shows include &#8220;Draft Urbanism&#8221;, Biennale of the Americas, Denver (2013), &#8220;No A Trio A&#8221;, La Casa Encendida, Madrid (2013), &#8220;El Grito&#8221;, MUSAC, Le\u00f3n y Castilla (2011), &#8220;El Resplandor&#8221;, Museo Experimental El Eco, Mexico City (2010), &#8220;Sin Techo Est\u00e1 Pel\u00f3n&#8221;, Guanajuato University Museum (2010), &#8220;There are false problems&#8221;, Proyectos Monclova, Monterrey (2009). Her work has been shown in Mexico, Colombia, France and the U.S. In 2009, she formed El Resplandor, a performance-based band.<\/p><p>She has received awards including the European Honors Program, Palazzo Cenci, Rome, Italy in 2001 and she was nominated for The Paul Hamlyn Award, London in 2008. Camil\u2019s work is in the permanent collection of La Colecci\u00f3n Jumex, La Colecci\u00f3n Patricia Phelps de Cisneros and the Wattis Museum amongst others.<\/p>    <\/div>\n<\/div>\n<!-- \/module text -->                    <\/div><!-- .tb-column-inner -->\n                            <\/div><!-- .module_column -->\n                        <div  data-lazy=\"1\" class=\"module_column tb-column col3-1 tb_77av666 last\">\n                                                        <div class=\"tb-column-inner tf_box tf_w\">\n                        <!-- module template_part -->\n<div  class=\"module module-layout-part tb_g927361 \">\n    <div class=\"tb_layout_part_wrap tf_w\"><!--themify_builder_content-->\n    <div  class=\"themify_builder_content themify_builder_content-402 themify_builder not_editable_builder in_the_loop\" data-postid=\"402\">\n        \t\t\t<!-- module_row -->\n\t<div  id=\"select_artist\" data-lazy=\"1\" class=\"module_row themify_builder_row tb_vaxf180 tf_w tf_clearfix\">\n\t    \t\t\t<div class=\"row_inner col_align_top tb_col_count_1 tf_box tf_rel\">\n\t\t            <div  data-lazy=\"1\" class=\"module_column tb-column col-full tb_98xu181 first\">\n                                                        <div class=\"tb-column-inner tf_box tf_w\">\n                        <!-- module widget -->\n<div  class=\"module module-widget tb_scf8566  \" data-lazy=\"1\">\n\t<div class=\"widget feature-posts\"><ul class=\"feature-posts-list\"><li><a href=\"https:\/\/dieresis.com\/en\/abraham-cruzvillegas-mexico-1968\/\" class=\"feature-posts-title\">Abraham Cruzvillegas (M\u00e9xico, 1968)<\/a> <br \/><\/li><li><a href=\"https:\/\/dieresis.com\/en\/adrian-villar-rojas-argentina-1980\/\" class=\"feature-posts-title\">Adri\u00e1n Villar Rojas (Argentina, 1980)<\/a> <br \/><\/li><li><a href=\"https:\/\/dieresis.com\/en\/allen-ruppersberg-usa-1944\/\" class=\"feature-posts-title\">Allen Ruppersberg (USA, 1944)<\/a> <br \/><\/li><li><a href=\"https:\/\/dieresis.com\/en\/bruce-nauman-usa-1941\/\" class=\"feature-posts-title\">Bruce Nauman (USA, 1941)<\/a> <br \/><\/li><li><a href=\"https:\/\/dieresis.com\/en\/claire-fontaine-france-2004\/\" class=\"feature-posts-title\">Claire Fontaine (France, 2004)<\/a> <br \/><\/li><li><a href=\"https:\/\/dieresis.com\/en\/cynthia-gutierrez-mexico-1978\/\" class=\"feature-posts-title\">Cynthia Gutierrez (M\u00e9xico, 1978)<\/a> <br \/><\/li><li><a href=\"https:\/\/dieresis.com\/en\/daniel-guzman-mexico-city-1964\/\" class=\"feature-posts-title\">Daniel Guzm\u00e1n (Mexico City, 1964)<\/a> <br \/><\/li><li><a href=\"https:\/\/dieresis.com\/en\/eduardo-sarabia-usa-1976\/\" class=\"feature-posts-title\">Eduardo Sarabia (USA, 1976)<\/a> <br \/><\/li><li><a href=\"https:\/\/dieresis.com\/en\/francisco-ugarte-mexico-1973\/\" class=\"feature-posts-title\">Francisco Ugarte (M\u00e9xico, 1973)<\/a> <br \/><\/li><li><a href=\"https:\/\/dieresis.com\/en\/franz-west-austria-1947\/\" class=\"feature-posts-title\">Franz West (Austria, 1947)<\/a> <br \/><\/li><li><a href=\"https:\/\/dieresis.com\/en\/jorge-mendez-blake-mexico-1974\/\" class=\"feature-posts-title\">Jorge M\u00e9ndez Blake (M\u00e9xico, 1974)<\/a> <br \/><\/li><li><a href=\"https:\/\/dieresis.com\/en\/marcel-duchamp-france-1887\/\" class=\"feature-posts-title\">Marcel Duchamp (France, 1887)<\/a> <br \/><\/li><li><a href=\"https:\/\/dieresis.com\/en\/mario-garcia-torres-mexico-1975\/\" class=\"feature-posts-title\">Mario Garc\u00eda Torres (M\u00e9xico, 1975)<\/a> <br \/><\/li><li><a href=\"https:\/\/dieresis.com\/en\/oscar-murillo-colombia-1986\/\" class=\"feature-posts-title\">Oscar Murillo (Colombia, 1986)<\/a> <br \/><\/li><li><a href=\"https:\/\/dieresis.com\/en\/pia-camil-mexico-1980\/\" class=\"feature-posts-title\">P\u00eda Camil (M\u00e9xico, 1980)<\/a> <br \/><\/li><li><a href=\"https:\/\/dieresis.com\/en\/priscilla-monge-costa-rica-1968\/\" class=\"feature-posts-title\">Priscilla Monge (Costa Rica, 1968)<\/a> <br \/><\/li><li><a href=\"https:\/\/dieresis.com\/en\/raymond-pettibon-usa-1957\/\" class=\"feature-posts-title\">Raymond Pettibon (USA, 1957)<\/a> <br \/><\/li><li><a href=\"https:\/\/dieresis.com\/en\/roberto-rebora-mexico-1963\/\" class=\"feature-posts-title\">Roberto R\u00e9bora (M\u00e9xico, 1963)<\/a> <br \/><\/li><li><a href=\"https:\/\/dieresis.com\/en\/saadane-afif-france-1970\/\" class=\"feature-posts-title\">Sa\u00e2dane Afif (France, 1970)<\/a> <br \/><\/li><li><a href=\"https:\/\/dieresis.com\/en\/sharon-hayes-usa-1970\/\" class=\"feature-posts-title\">Sharon Hayes (USA, 1970)<\/a> <br \/><\/li><li><a href=\"https:\/\/dieresis.com\/en\/superflex-denmark-1993\/\" class=\"feature-posts-title\">SUPERFLEX (Denmark, 1993)<\/a> <br \/><\/li><li><a href=\"https:\/\/dieresis.com\/en\/thomas-hirschhorn-switzerland-1957\/\" class=\"feature-posts-title\">Thomas Hirschhorn (Switzerland, 1957)<\/a> <br \/><\/li><li><a href=\"https:\/\/dieresis.com\/en\/ulises-carrion-mexico-1941\/\" class=\"feature-posts-title\">Ulises Carri\u00f3n (M\u00e9xico, 1941)<\/a> <br \/><\/li><li><a href=\"https:\/\/dieresis.com\/en\/vivian-suter-argentina-1949\/\" class=\"feature-posts-title\">Vivian Suter (Argentina, 1949)<\/a> <br \/><\/li><\/ul><\/div><\/div>\n<!-- \/module widget -->\n                    <\/div><!-- .tb-column-inner -->\n                            <\/div><!-- .module_column -->\n            \t    <\/div><!-- .row_inner -->\n\t<\/div><!-- .module_row -->\n\t    <\/div>\n<!--\/themify_builder_content--><\/div>\n<\/div>\n<!-- \/module template_part -->                    <\/div><!-- .tb-column-inner -->\n                            <\/div><!-- .module_column -->\n            \t    <\/div><!-- .row_inner -->\n\t<\/div><!-- .module_row -->\n\t<\/div>\n<!--\/themify_builder_content-->","protected":false},"excerpt":{"rendered":"<p>Espectacular Tel\u00f3n Toluca IV, 2014. 295 x 352 cm. Cotton tarpauling hand dyed and handwoven Pia Camil (Me\u0301xico 1980) Pia Camil received her Bachelor\u2019s of Fine Arts from The Rhode Island School of Design in 2003 and her Master\u2019s of Fine Arts from The Slade School of Fine Art in 2008. Her solo exhibitions include [&hellip;]<\/p>\n","protected":false},"author":2,"featured_media":375,"comment_status":"open","ping_status":"open","sticky":false,"template":"","format":"standard","meta":{"footnotes":""},"categories":[16],"tags":[],"class_list":["post-377","post","type-post","status-publish","format-standard","has-post-thumbnail","hentry","category-highlights","has-post-title","has-post-date","has-post-category","has-post-tag","has-post-comment","has-post-author",""],"yoast_head":"<!-- This site is optimized with the Yoast SEO plugin v20.10 - https:\/\/yoast.com\/wordpress\/plugins\/seo\/ -->\n<title>P\u00eda Camil (M\u00e9xico, 1980) - Colecci\u00f3n Di\u00e9resis<\/title>\n<meta name=\"robots\" content=\"index, follow, max-snippet:-1, max-image-preview:large, max-video-preview:-1\" \/>\n<link rel=\"canonical\" href=\"https:\/\/dieresis.com\/en\/pia-camil-mexico-1980\/\" \/>\n<meta property=\"og:locale\" content=\"en_US\" \/>\n<meta property=\"og:type\" content=\"article\" \/>\n<meta property=\"og:title\" content=\"P\u00eda Camil (M\u00e9xico, 1980) - Colecci\u00f3n Di\u00e9resis\" \/>\n<meta property=\"og:description\" content=\"Espectacular Tel\u00f3n Toluca IV, 2014. 295 x 352 cm. Cotton tarpauling hand dyed and handwoven Pia Camil (Me\u0301xico 1980) Pia Camil received her Bachelor\u2019s of Fine Arts from The Rhode Island School of Design in 2003 and her Master\u2019s of Fine Arts from The Slade School of Fine Art in 2008. Her solo exhibitions include [&hellip;]\" \/>\n<meta property=\"og:url\" content=\"https:\/\/dieresis.com\/en\/pia-camil-mexico-1980\/\" \/>\n<meta property=\"og:site_name\" content=\"Colecci\u00f3n Di\u00e9resis\" \/>\n<meta property=\"article:published_time\" content=\"2021-10-25T03:37:16+00:00\" \/>\n<meta property=\"article:modified_time\" content=\"2021-10-25T05:20:30+00:00\" \/>\n<meta property=\"og:image\" content=\"https:\/\/dieresis.com\/wp-content\/uploads\/2021\/10\/Espectacular-Telon-Toluca-IV-2014-Pia-Camil-Me\u0301xico-1980.jpg\" \/>\n\t<meta property=\"og:image:width\" content=\"741\" \/>\n\t<meta property=\"og:image:height\" content=\"593\" \/>\n\t<meta property=\"og:image:type\" content=\"image\/jpeg\" \/>\n<meta name=\"author\" content=\"dieradmesis\" \/>\n<meta name=\"twitter:card\" content=\"summary_large_image\" \/>\n<meta name=\"twitter:label1\" content=\"Written by\" \/>\n\t<meta name=\"twitter:data1\" content=\"dieradmesis\" \/>\n\t<meta name=\"twitter:label2\" content=\"Est. reading time\" \/>\n\t<meta name=\"twitter:data2\" content=\"1 minute\" \/>\n<script type=\"application\/ld+json\" class=\"yoast-schema-graph\">{\"@context\":\"https:\/\/schema.org\",\"@graph\":[{\"@type\":\"WebPage\",\"@id\":\"https:\/\/dieresis.com\/en\/pia-camil-mexico-1980\/\",\"url\":\"https:\/\/dieresis.com\/en\/pia-camil-mexico-1980\/\",\"name\":\"P\u00eda Camil (M\u00e9xico, 1980) - Colecci\u00f3n Di\u00e9resis\",\"isPartOf\":{\"@id\":\"https:\/\/dieresis.com\/en\/#website\"},\"datePublished\":\"2021-10-25T03:37:16+00:00\",\"dateModified\":\"2021-10-25T05:20:30+00:00\",\"author\":{\"@id\":\"https:\/\/dieresis.com\/en\/#\/schema\/person\/f07ebb4a0bf70a8625b9c30b2b0c6f96\"},\"breadcrumb\":{\"@id\":\"https:\/\/dieresis.com\/en\/pia-camil-mexico-1980\/#breadcrumb\"},\"inLanguage\":\"en-US\",\"potentialAction\":[{\"@type\":\"ReadAction\",\"target\":[\"https:\/\/dieresis.com\/en\/pia-camil-mexico-1980\/\"]}]},{\"@type\":\"BreadcrumbList\",\"@id\":\"https:\/\/dieresis.com\/en\/pia-camil-mexico-1980\/#breadcrumb\",\"itemListElement\":[{\"@type\":\"ListItem\",\"position\":1,\"name\":\"Home\",\"item\":\"https:\/\/dieresis.com\/en\/\"},{\"@type\":\"ListItem\",\"position\":2,\"name\":\"P\u00eda Camil (M\u00e9xico, 1980)\"}]},{\"@type\":\"WebSite\",\"@id\":\"https:\/\/dieresis.com\/en\/#website\",\"url\":\"https:\/\/dieresis.com\/en\/\",\"name\":\"Colecci\u00f3n Di\u00e9resis\",\"description\":\"Arte Contempor\u00e1neo\",\"potentialAction\":[{\"@type\":\"SearchAction\",\"target\":{\"@type\":\"EntryPoint\",\"urlTemplate\":\"https:\/\/dieresis.com\/en\/?s={search_term_string}\"},\"query-input\":\"required name=search_term_string\"}],\"inLanguage\":\"en-US\"},{\"@type\":\"Person\",\"@id\":\"https:\/\/dieresis.com\/en\/#\/schema\/person\/f07ebb4a0bf70a8625b9c30b2b0c6f96\",\"name\":\"dieradmesis\",\"image\":{\"@type\":\"ImageObject\",\"inLanguage\":\"en-US\",\"@id\":\"https:\/\/dieresis.com\/en\/#\/schema\/person\/image\/\",\"url\":\"https:\/\/secure.gravatar.com\/avatar\/f0e2d1fc01ac98fe842749657eaa45ec0df66ed605ccb8f6ece3012942796079?s=96&d=mm&r=g\",\"contentUrl\":\"https:\/\/secure.gravatar.com\/avatar\/f0e2d1fc01ac98fe842749657eaa45ec0df66ed605ccb8f6ece3012942796079?s=96&d=mm&r=g\",\"caption\":\"dieradmesis\"},\"sameAs\":[\"https:\/\/dieresis.com\"],\"url\":\"https:\/\/dieresis.com\/en\/author\/dieradmesis\/\"}]}<\/script>\n<!-- \/ Yoast SEO plugin. -->","yoast_head_json":{"title":"P\u00eda Camil (M\u00e9xico, 1980) - Colecci\u00f3n Di\u00e9resis","robots":{"index":"index","follow":"follow","max-snippet":"max-snippet:-1","max-image-preview":"max-image-preview:large","max-video-preview":"max-video-preview:-1"},"canonical":"https:\/\/dieresis.com\/en\/pia-camil-mexico-1980\/","og_locale":"en_US","og_type":"article","og_title":"P\u00eda Camil (M\u00e9xico, 1980) - Colecci\u00f3n Di\u00e9resis","og_description":"Espectacular Tel\u00f3n Toluca IV, 2014. 295 x 352 cm. Cotton tarpauling hand dyed and handwoven Pia Camil (Me\u0301xico 1980) Pia Camil received her Bachelor\u2019s of Fine Arts from The Rhode Island School of Design in 2003 and her Master\u2019s of Fine Arts from The Slade School of Fine Art in 2008. Her solo exhibitions include [&hellip;]","og_url":"https:\/\/dieresis.com\/en\/pia-camil-mexico-1980\/","og_site_name":"Colecci\u00f3n Di\u00e9resis","article_published_time":"2021-10-25T03:37:16+00:00","article_modified_time":"2021-10-25T05:20:30+00:00","og_image":[{"width":741,"height":593,"url":"https:\/\/dieresis.com\/wp-content\/uploads\/2021\/10\/Espectacular-Telon-Toluca-IV-2014-Pia-Camil-Me\u0301xico-1980.jpg","type":"image\/jpeg"}],"author":"dieradmesis","twitter_card":"summary_large_image","twitter_misc":{"Written by":"dieradmesis","Est. reading time":"1 minute"},"schema":{"@context":"https:\/\/schema.org","@graph":[{"@type":"WebPage","@id":"https:\/\/dieresis.com\/en\/pia-camil-mexico-1980\/","url":"https:\/\/dieresis.com\/en\/pia-camil-mexico-1980\/","name":"P\u00eda Camil (M\u00e9xico, 1980) - Colecci\u00f3n Di\u00e9resis","isPartOf":{"@id":"https:\/\/dieresis.com\/en\/#website"},"datePublished":"2021-10-25T03:37:16+00:00","dateModified":"2021-10-25T05:20:30+00:00","author":{"@id":"https:\/\/dieresis.com\/en\/#\/schema\/person\/f07ebb4a0bf70a8625b9c30b2b0c6f96"},"breadcrumb":{"@id":"https:\/\/dieresis.com\/en\/pia-camil-mexico-1980\/#breadcrumb"},"inLanguage":"en-US","potentialAction":[{"@type":"ReadAction","target":["https:\/\/dieresis.com\/en\/pia-camil-mexico-1980\/"]}]},{"@type":"BreadcrumbList","@id":"https:\/\/dieresis.com\/en\/pia-camil-mexico-1980\/#breadcrumb","itemListElement":[{"@type":"ListItem","position":1,"name":"Home","item":"https:\/\/dieresis.com\/en\/"},{"@type":"ListItem","position":2,"name":"P\u00eda Camil (M\u00e9xico, 1980)"}]},{"@type":"WebSite","@id":"https:\/\/dieresis.com\/en\/#website","url":"https:\/\/dieresis.com\/en\/","name":"Colecci\u00f3n Di\u00e9resis","description":"Arte Contempor\u00e1neo","potentialAction":[{"@type":"SearchAction","target":{"@type":"EntryPoint","urlTemplate":"https:\/\/dieresis.com\/en\/?s={search_term_string}"},"query-input":"required name=search_term_string"}],"inLanguage":"en-US"},{"@type":"Person","@id":"https:\/\/dieresis.com\/en\/#\/schema\/person\/f07ebb4a0bf70a8625b9c30b2b0c6f96","name":"dieradmesis","image":{"@type":"ImageObject","inLanguage":"en-US","@id":"https:\/\/dieresis.com\/en\/#\/schema\/person\/image\/","url":"https:\/\/secure.gravatar.com\/avatar\/f0e2d1fc01ac98fe842749657eaa45ec0df66ed605ccb8f6ece3012942796079?s=96&d=mm&r=g","contentUrl":"https:\/\/secure.gravatar.com\/avatar\/f0e2d1fc01ac98fe842749657eaa45ec0df66ed605ccb8f6ece3012942796079?s=96&d=mm&r=g","caption":"dieradmesis"},"sameAs":["https:\/\/dieresis.com"],"url":"https:\/\/dieresis.com\/en\/author\/dieradmesis\/"}]}},"_links":{"self":[{"href":"https:\/\/dieresis.com\/en\/wp-json\/wp\/v2\/posts\/377","targetHints":{"allow":["GET"]}}],"collection":[{"href":"https:\/\/dieresis.com\/en\/wp-json\/wp\/v2\/posts"}],"about":[{"href":"https:\/\/dieresis.com\/en\/wp-json\/wp\/v2\/types\/post"}],"author":[{"embeddable":true,"href":"https:\/\/dieresis.com\/en\/wp-json\/wp\/v2\/users\/2"}],"replies":[{"embeddable":true,"href":"https:\/\/dieresis.com\/en\/wp-json\/wp\/v2\/comments?post=377"}],"version-history":[{"count":4,"href":"https:\/\/dieresis.com\/en\/wp-json\/wp\/v2\/posts\/377\/revisions"}],"predecessor-version":[{"id":414,"href":"https:\/\/dieresis.com\/en\/wp-json\/wp\/v2\/posts\/377\/revisions\/414"}],"wp:featuredmedia":[{"embeddable":true,"href":"https:\/\/dieresis.com\/en\/wp-json\/wp\/v2\/media\/375"}],"wp:attachment":[{"href":"https:\/\/dieresis.com\/en\/wp-json\/wp\/v2\/media?parent=377"}],"wp:term":[{"taxonomy":"category","embeddable":true,"href":"https:\/\/dieresis.com\/en\/wp-json\/wp\/v2\/categories?post=377"},{"taxonomy":"post_tag","embeddable":true,"href":"https:\/\/dieresis.com\/en\/wp-json\/wp\/v2\/tags?post=377"}],"curies":[{"name":"wp","href":"https:\/\/api.w.org\/{rel}","templated":true}]}}