{"id":266,"date":"2016-02-27T01:42:23","date_gmt":"2016-02-27T07:42:23","guid":{"rendered":"https:\/\/dieresis.com\/lets-walk-together-mario-garcia-torres-15-year-career\/"},"modified":"2021-10-24T02:00:13","modified_gmt":"2021-10-24T07:00:13","slug":"lets-walk-together-mario-garcia-torres-15-year-career","status":"publish","type":"post","link":"https:\/\/dieresis.com\/en\/lets-walk-together-mario-garcia-torres-15-year-career\/","title":{"rendered":"Let&#8217;s walk together: Mario Garc\u00eda Torres&#8217; 15 year career"},"content":{"rendered":"<!--themify_builder_content-->\n<div id=\"themify_builder_content-266\" data-postid=\"266\" class=\"themify_builder_content themify_builder_content-266 themify_builder tf_clear\">\n    \t\t\t<!-- module_row -->\n\t<div  data-lazy=\"1\" class=\"module_row themify_builder_row tb_eo58796 tb_first tf_w tf_clearfix\">\n\t    \t\t\t<div class=\"row_inner col_align_top tb_col_count_2 tf_box tf_rel\">\n\t\t            <div  data-lazy=\"1\" class=\"module_column tb-column col4-2 tb_os7h797 first\">\n                                                        <div class=\"tb-column-inner tf_box tf_w\">\n                        <!-- module gallery -->\n<div  class=\"module gallery module-gallery tb_gwuw985 layout-slider  \" data-lazy=\"1\">\n        <div class=\"tf_swiper-container tf_carousel themify_builder_slider tf_rel tf_overflow\"\n\tdata-pager=\"1\"\n\t data-lazy=\"1\"\t\t\tdata-thumbs=\"tb_gwuw985_thumbs\"\n\t\tdata-effect=\"fade\" \n\t\tdata-css_url=\"https:\/\/dieresis.com\/wp-content\/themes\/themify-ultra\/themify\/themify-builder\/css\/modules\/sliders\/carousel.css,https:\/\/dieresis.com\/wp-content\/themes\/themify-ultra\/themify\/themify-builder\/css\/modules\/sliders\/gallery.css\"\n\t\t\tdata-speed=\"1\"\n\tdata-wrapvar=\"1\"\n\tdata-slider_nav=\"0\"\n\tdata-height=\"variable\"\n\t\t>\n\t<div class=\"tf_swiper-wrapper tf_lazy tf_rel tf_w tf_h tf_textc\">\n\t\t\t\t\t<div class=\"tf_swiper-slide\">\n\t\t\t<div class=\"slide-inner-wrap\">\n\t\t\t\t<div class=\"tf_lazy slide-image gallery-icon\"><a href=\"https:\/\/dieresis.com\/wp-content\/uploads\/2021\/10\/Mario-Garcia-Torres-Fotografia-cortesia-de-Museo-Tamayo-21.jpg\" class=\"themify_lightbox\"><img decoding=\"async\" width=\"650\" height=\"431\" src=\"https:\/\/dieresis.com\/wp-content\/uploads\/2021\/10\/Mario-Garcia-Torres-Fotografia-cortesia-de-Museo-Tamayo-21.jpg\" class=\"wp-post-image wp-image-254\" title=\"Mario Garc\u00eda Torres. Image courtesy of Museo Tamayo.\" data-tf-not-load=\"1\" alt=\"Mario Garc\u00eda Torres. Image courtesy of Museo Tamayo.\" srcset=\"https:\/\/dieresis.com\/wp-content\/uploads\/2021\/10\/Mario-Garcia-Torres-Fotografia-cortesia-de-Museo-Tamayo-21.jpg 650w, https:\/\/dieresis.com\/wp-content\/uploads\/2021\/10\/Mario-Garcia-Torres-Fotografia-cortesia-de-Museo-Tamayo-21-300x199.jpg 300w\" sizes=\"(max-width: 650px) 100vw, 650px\" \/><\/a>\t\t\t\t<\/div>\n\t\t\t\t\t\t\t\t\t<div class=\"slide-content tf_opacity tf_texl tf_abs\">\n\t\t\t\t\t\t\n\t\t\t\t\t\t\t\t\t\t\t\t\t<p>Image courtesy of Museo Tamayo.<\/p>\n\t\t\t\t\t\t\t\t\t\t\t<\/div><!-- \/slide-content -->\n\t\t\t\t\t\t\t<\/div><\/div>\n\t\t\t\t\t<div class=\"tf_swiper-slide\">\n\t\t\t<div class=\"slide-inner-wrap\">\n\t\t\t\t<div class=\"tf_lazy slide-image gallery-icon\"><a href=\"https:\/\/dieresis.com\/wp-content\/uploads\/2021\/10\/Mario-Garcia-Torres-Fotografia-cortesia-de-Museo-Tamayo-64.jpg\" class=\"themify_lightbox\"><img decoding=\"async\" width=\"650\" height=\"432\" src=\"https:\/\/dieresis.com\/wp-content\/uploads\/2021\/10\/Mario-Garcia-Torres-Fotografia-cortesia-de-Museo-Tamayo-64.jpg\" class=\"wp-post-image wp-image-256\" title=\"Mario Garc\u00eda Torres. Image courtesy of Museo Tamayo.\" data-tf-not-load=\"1\" alt=\"Mario Garc\u00eda Torres. Image courtesy of Museo Tamayo.\" srcset=\"https:\/\/dieresis.com\/wp-content\/uploads\/2021\/10\/Mario-Garcia-Torres-Fotografia-cortesia-de-Museo-Tamayo-64.jpg 650w, https:\/\/dieresis.com\/wp-content\/uploads\/2021\/10\/Mario-Garcia-Torres-Fotografia-cortesia-de-Museo-Tamayo-64-300x199.jpg 300w\" sizes=\"(max-width: 650px) 100vw, 650px\" \/><\/a>\t\t\t\t<\/div>\n\t\t\t\t\t\t\t\t\t<div class=\"slide-content tf_opacity tf_texl tf_abs\">\n\t\t\t\t\t\t\n\t\t\t\t\t\t\t\t\t\t\t\t\t<p>Image courtesy of Museo Tamayo.<\/p>\n\t\t\t\t\t\t\t\t\t\t\t<\/div><!-- \/slide-content -->\n\t\t\t\t\t\t\t<\/div><\/div>\n\t\t\t\t\t<div class=\"tf_swiper-slide\">\n\t\t\t<div class=\"slide-inner-wrap\">\n\t\t\t\t<div class=\"tf_lazy slide-image gallery-icon\"><a href=\"https:\/\/dieresis.com\/wp-content\/uploads\/2021\/10\/Mario-Garcia-Torres-Fotografia-cortesia-de-Museo-Tamayo-07.jpg\" class=\"themify_lightbox\"><img decoding=\"async\" width=\"650\" height=\"432\" src=\"https:\/\/dieresis.com\/wp-content\/uploads\/2021\/10\/Mario-Garcia-Torres-Fotografia-cortesia-de-Museo-Tamayo-07.jpg\" class=\"wp-post-image wp-image-258\" title=\"Mario Garc\u00eda Torres. Image courtesy of Museo Tamayo.\" data-tf-not-load=\"1\" alt=\"Mario Garc\u00eda Torres. Image courtesy of Museo Tamayo.\" srcset=\"https:\/\/dieresis.com\/wp-content\/uploads\/2021\/10\/Mario-Garcia-Torres-Fotografia-cortesia-de-Museo-Tamayo-07.jpg 650w, https:\/\/dieresis.com\/wp-content\/uploads\/2021\/10\/Mario-Garcia-Torres-Fotografia-cortesia-de-Museo-Tamayo-07-300x199.jpg 300w\" sizes=\"(max-width: 650px) 100vw, 650px\" \/><\/a>\t\t\t\t<\/div>\n\t\t\t\t\t\t\t\t\t<div class=\"slide-content tf_opacity tf_texl tf_abs\">\n\t\t\t\t\t\t\n\t\t\t\t\t\t\t\t\t\t\t\t\t<p>Image courtesy of Museo Tamayo.<\/p>\n\t\t\t\t\t\t\t\t\t\t\t<\/div><!-- \/slide-content -->\n\t\t\t\t\t\t\t<\/div><\/div>\n\t\t\t\t\t<div class=\"tf_swiper-slide\">\n\t\t\t<div class=\"slide-inner-wrap\">\n\t\t\t\t<div class=\"tf_lazy slide-image gallery-icon\"><a href=\"https:\/\/dieresis.com\/wp-content\/uploads\/2021\/10\/Mario-Garcia-Torres-Fotografia-cortesia-de-Museo-Tamayo-34.jpg\" class=\"themify_lightbox\"><img decoding=\"async\" width=\"650\" height=\"432\" src=\"https:\/\/dieresis.com\/wp-content\/uploads\/2021\/10\/Mario-Garcia-Torres-Fotografia-cortesia-de-Museo-Tamayo-34.jpg\" class=\"wp-post-image wp-image-260\" title=\"Mario Garc\u00eda Torres. Image courtesy of Museo Tamayo.\" data-tf-not-load=\"1\" alt=\"Mario Garc\u00eda Torres. Image courtesy of Museo Tamayo.\" srcset=\"https:\/\/dieresis.com\/wp-content\/uploads\/2021\/10\/Mario-Garcia-Torres-Fotografia-cortesia-de-Museo-Tamayo-34.jpg 650w, https:\/\/dieresis.com\/wp-content\/uploads\/2021\/10\/Mario-Garcia-Torres-Fotografia-cortesia-de-Museo-Tamayo-34-300x199.jpg 300w\" sizes=\"(max-width: 650px) 100vw, 650px\" \/><\/a>\t\t\t\t<\/div>\n\t\t\t\t\t\t\t\t\t<div class=\"slide-content tf_opacity tf_texl tf_abs\">\n\t\t\t\t\t\t\n\t\t\t\t\t\t\t\t\t\t\t\t\t<p>Image courtesy of Museo Tamayo.<\/p>\n\t\t\t\t\t\t\t\t\t\t\t<\/div><!-- \/slide-content -->\n\t\t\t\t\t\t\t<\/div><\/div>\n\t\t\t\t\t<div class=\"tf_swiper-slide\">\n\t\t\t<div class=\"slide-inner-wrap\">\n\t\t\t\t<div class=\"tf_lazy slide-image gallery-icon\"><a href=\"https:\/\/dieresis.com\/wp-content\/uploads\/2021\/10\/Mario-Garcia-Torres-Fotografia-cortesia-de-Museo-Tamayo-41.jpg\" class=\"themify_lightbox\"><img decoding=\"async\" width=\"650\" height=\"476\" src=\"https:\/\/dieresis.com\/wp-content\/uploads\/2021\/10\/Mario-Garcia-Torres-Fotografia-cortesia-de-Museo-Tamayo-41.jpg\" class=\"wp-post-image wp-image-262\" title=\"Mario Garc\u00eda Torres. Image courtesy of Museo Tamayo.\" data-tf-not-load=\"1\" alt=\"Mario Garc\u00eda Torres. Image courtesy of Museo Tamayo.\" srcset=\"https:\/\/dieresis.com\/wp-content\/uploads\/2021\/10\/Mario-Garcia-Torres-Fotografia-cortesia-de-Museo-Tamayo-41.jpg 650w, https:\/\/dieresis.com\/wp-content\/uploads\/2021\/10\/Mario-Garcia-Torres-Fotografia-cortesia-de-Museo-Tamayo-41-300x220.jpg 300w\" sizes=\"(max-width: 650px) 100vw, 650px\" \/><\/a>\t\t\t\t<\/div>\n\t\t\t\t\t\t\t\t\t<div class=\"slide-content tf_opacity tf_texl tf_abs\">\n\t\t\t\t\t\t\n\t\t\t\t\t\t\t\t\t\t\t\t\t<p>Image courtesy of Museo Tamayo.<\/p>\n\t\t\t\t\t\t\t\t\t\t\t<\/div><!-- \/slide-content -->\n\t\t\t\t\t\t\t<\/div><\/div>\n\t\t\t\t\t<div class=\"tf_swiper-slide\">\n\t\t\t<div class=\"slide-inner-wrap\">\n\t\t\t\t<div class=\"tf_lazy slide-image gallery-icon\"><a href=\"https:\/\/dieresis.com\/wp-content\/uploads\/2021\/10\/Mario-Garcia-Torres-Fotografia-cortesia-de-Museo-Tamayo-42.jpg\" class=\"themify_lightbox\"><img decoding=\"async\" width=\"650\" height=\"475\" src=\"https:\/\/dieresis.com\/wp-content\/uploads\/2021\/10\/Mario-Garcia-Torres-Fotografia-cortesia-de-Museo-Tamayo-42.jpg\" class=\"wp-post-image wp-image-264\" title=\"Mario Garc\u00eda Torres. Image courtesy of Museo Tamayo.\" data-tf-not-load=\"1\" alt=\"Mario Garc\u00eda Torres. Image courtesy of Museo Tamayo.\" srcset=\"https:\/\/dieresis.com\/wp-content\/uploads\/2021\/10\/Mario-Garcia-Torres-Fotografia-cortesia-de-Museo-Tamayo-42.jpg 650w, https:\/\/dieresis.com\/wp-content\/uploads\/2021\/10\/Mario-Garcia-Torres-Fotografia-cortesia-de-Museo-Tamayo-42-300x219.jpg 300w\" sizes=\"(max-width: 650px) 100vw, 650px\" \/><\/a>\t\t\t\t<\/div>\n\t\t\t\t\t\t\t\t\t<div class=\"slide-content tf_opacity tf_texl tf_abs\">\n\t\t\t\t\t\t\n\t\t\t\t\t\t\t\t\t\t\t\t\t<p>Image courtesy of Museo Tamayo.<\/p>\n\t\t\t\t\t\t\t\t\t\t\t<\/div><!-- \/slide-content -->\n\t\t\t\t\t\t\t<\/div><\/div>\n\t\t\t<\/div>\n<\/div>\n    <\/div>\n<!-- \/module gallery -->                    <\/div><!-- .tb-column-inner -->\n                            <\/div><!-- .module_column -->\n                        <div  data-lazy=\"1\" class=\"module_column tb-column col4-2 tb_wh54100 last\">\n                                                        <div class=\"tb-column-inner tf_box tf_w\">\n                        <!-- module text -->\n<div  class=\"module module-text tb_e1g4906   \" data-lazy=\"1\">\n        <div  class=\"tb_text_wrap\">\n    <h2><em>Let&#8217;s walk together: Mario Garc\u00eda Torres&#8217; 15 year career<\/em><br \/>(Mexico City, 27 Feb 2016- 19 Jun 2016)<br \/>Museo Tamayo<\/h2><p>Artist Mario Garc\u00eda Torres\u2019 first solo show in a Mexican museum curated by Sof\u00eda Hern\u00e1ndez Chong-Cuy.<\/p><p>Let\u2019s walk together (Caminemos juntos) collects the work that Garc\u00eda Torres has produced over the past 15 years. Through photography, video &amp; installation, the artist breaks academic paradigms and makes his interest in history and storytelling evident while questioning the relationship between art and the viewer, and the museum\u2019s role. Based on the imaginary project \u2018Museo del Arte de Sacramento\u2019 (MAS) 2003, this exhibition proposes a walk through the 1,814 hectares of the MAS, which in this case has been transposed to Mexico City. This perimeter encloses the Museo Tamayo as well as several other sites that will host the exhibition simultaneously: Museo de Geolog\u00eda de la UNAM, Casa Vecina, Casa del Cine, and the INBA\u2019s El Granero theater.<\/p><p>Garc\u00eda Torres\u2019 piece \u201cMoonwalk (At Rigo\u2019s place)\u201d 2006, is part of Colecci\u00f3n Dier\u00e9sis and is included in this exhibition.<\/p><div class=\"small-body\"><a href=\"https:\/\/www.museotamayo.org\/exposiciones\/mario-garcia-torres-caminar-juntos\" target=\"_blank\" rel=\"noopener\">M\u00e1s Informaci\u00f3n<\/a><\/div>    <\/div>\n<\/div>\n<!-- \/module text -->                    <\/div><!-- .tb-column-inner -->\n                            <\/div><!-- .module_column -->\n            \t    <\/div><!-- .row_inner -->\n\t<\/div><!-- .module_row -->\n\t<\/div>\n<!--\/themify_builder_content-->","protected":false},"excerpt":{"rendered":"<p>(Mexico City, 27 Feb 2016- 19 Jun 2016)<br \/>\nMuseo Tamayo<\/p>\n","protected":false},"author":2,"featured_media":179,"comment_status":"open","ping_status":"open","sticky":false,"template":"","format":"standard","meta":{"footnotes":""},"categories":[11],"tags":[],"class_list":["post-266","post","type-post","status-publish","format-standard","has-post-thumbnail","hentry","category-news","has-post-title","has-post-date","has-post-category","has-post-tag","has-post-comment","has-post-author",""],"yoast_head":"<!-- This site is optimized with the Yoast SEO plugin v20.10 - https:\/\/yoast.com\/wordpress\/plugins\/seo\/ -->\n<title>Let&#039;s walk together: Mario Garc\u00eda Torres&#039; 15 year career - Colecci\u00f3n Di\u00e9resis<\/title>\n<meta name=\"robots\" content=\"index, follow, max-snippet:-1, max-image-preview:large, max-video-preview:-1\" \/>\n<link rel=\"canonical\" href=\"https:\/\/dieresis.com\/en\/lets-walk-together-mario-garcia-torres-15-year-career\/\" \/>\n<meta property=\"og:locale\" content=\"en_US\" \/>\n<meta property=\"og:type\" content=\"article\" \/>\n<meta property=\"og:title\" content=\"Let&#039;s walk together: Mario Garc\u00eda Torres&#039; 15 year career - Colecci\u00f3n Di\u00e9resis\" \/>\n<meta property=\"og:description\" content=\"(Mexico City, 27 Feb 2016- 19 Jun 2016) Museo Tamayo\" \/>\n<meta property=\"og:url\" content=\"https:\/\/dieresis.com\/en\/lets-walk-together-mario-garcia-torres-15-year-career\/\" \/>\n<meta property=\"og:site_name\" content=\"Colecci\u00f3n Di\u00e9resis\" \/>\n<meta property=\"article:published_time\" content=\"2016-02-27T07:42:23+00:00\" \/>\n<meta property=\"article:modified_time\" content=\"2021-10-24T07:00:13+00:00\" \/>\n<meta property=\"og:image\" content=\"https:\/\/dieresis.com\/wp-content\/uploads\/2021\/10\/Caminar-Juntos-15-anos-de-trayectoria-de-Mario-Garcia-Torres.jpg\" \/>\n\t<meta property=\"og:image:width\" content=\"600\" \/>\n\t<meta property=\"og:image:height\" content=\"380\" \/>\n\t<meta property=\"og:image:type\" content=\"image\/jpeg\" \/>\n<meta name=\"author\" content=\"dieradmesis\" \/>\n<meta name=\"twitter:card\" content=\"summary_large_image\" \/>\n<meta name=\"twitter:label1\" content=\"Written by\" \/>\n\t<meta name=\"twitter:data1\" content=\"dieradmesis\" \/>\n\t<meta name=\"twitter:label2\" content=\"Est. reading time\" \/>\n\t<meta name=\"twitter:data2\" content=\"1 minute\" \/>\n<script type=\"application\/ld+json\" class=\"yoast-schema-graph\">{\"@context\":\"https:\/\/schema.org\",\"@graph\":[{\"@type\":\"WebPage\",\"@id\":\"https:\/\/dieresis.com\/en\/lets-walk-together-mario-garcia-torres-15-year-career\/\",\"url\":\"https:\/\/dieresis.com\/en\/lets-walk-together-mario-garcia-torres-15-year-career\/\",\"name\":\"Let's walk together: Mario Garc\u00eda Torres' 15 year career - Colecci\u00f3n Di\u00e9resis\",\"isPartOf\":{\"@id\":\"https:\/\/dieresis.com\/en\/#website\"},\"datePublished\":\"2016-02-27T07:42:23+00:00\",\"dateModified\":\"2021-10-24T07:00:13+00:00\",\"author\":{\"@id\":\"https:\/\/dieresis.com\/en\/#\/schema\/person\/f07ebb4a0bf70a8625b9c30b2b0c6f96\"},\"breadcrumb\":{\"@id\":\"https:\/\/dieresis.com\/en\/lets-walk-together-mario-garcia-torres-15-year-career\/#breadcrumb\"},\"inLanguage\":\"en-US\",\"potentialAction\":[{\"@type\":\"ReadAction\",\"target\":[\"https:\/\/dieresis.com\/en\/lets-walk-together-mario-garcia-torres-15-year-career\/\"]}]},{\"@type\":\"BreadcrumbList\",\"@id\":\"https:\/\/dieresis.com\/en\/lets-walk-together-mario-garcia-torres-15-year-career\/#breadcrumb\",\"itemListElement\":[{\"@type\":\"ListItem\",\"position\":1,\"name\":\"Home\",\"item\":\"https:\/\/dieresis.com\/en\/\"},{\"@type\":\"ListItem\",\"position\":2,\"name\":\"Let&#8217;s walk together: Mario Garc\u00eda Torres&#8217; 15 year career\"}]},{\"@type\":\"WebSite\",\"@id\":\"https:\/\/dieresis.com\/en\/#website\",\"url\":\"https:\/\/dieresis.com\/en\/\",\"name\":\"Colecci\u00f3n Di\u00e9resis\",\"description\":\"Arte Contempor\u00e1neo\",\"potentialAction\":[{\"@type\":\"SearchAction\",\"target\":{\"@type\":\"EntryPoint\",\"urlTemplate\":\"https:\/\/dieresis.com\/en\/?s={search_term_string}\"},\"query-input\":\"required name=search_term_string\"}],\"inLanguage\":\"en-US\"},{\"@type\":\"Person\",\"@id\":\"https:\/\/dieresis.com\/en\/#\/schema\/person\/f07ebb4a0bf70a8625b9c30b2b0c6f96\",\"name\":\"dieradmesis\",\"image\":{\"@type\":\"ImageObject\",\"inLanguage\":\"en-US\",\"@id\":\"https:\/\/dieresis.com\/en\/#\/schema\/person\/image\/\",\"url\":\"https:\/\/secure.gravatar.com\/avatar\/f0e2d1fc01ac98fe842749657eaa45ec0df66ed605ccb8f6ece3012942796079?s=96&d=mm&r=g\",\"contentUrl\":\"https:\/\/secure.gravatar.com\/avatar\/f0e2d1fc01ac98fe842749657eaa45ec0df66ed605ccb8f6ece3012942796079?s=96&d=mm&r=g\",\"caption\":\"dieradmesis\"},\"sameAs\":[\"https:\/\/dieresis.com\"],\"url\":\"https:\/\/dieresis.com\/en\/author\/dieradmesis\/\"}]}<\/script>\n<!-- \/ Yoast SEO plugin. -->","yoast_head_json":{"title":"Let's walk together: Mario Garc\u00eda Torres' 15 year career - Colecci\u00f3n Di\u00e9resis","robots":{"index":"index","follow":"follow","max-snippet":"max-snippet:-1","max-image-preview":"max-image-preview:large","max-video-preview":"max-video-preview:-1"},"canonical":"https:\/\/dieresis.com\/en\/lets-walk-together-mario-garcia-torres-15-year-career\/","og_locale":"en_US","og_type":"article","og_title":"Let's walk together: Mario Garc\u00eda Torres' 15 year career - Colecci\u00f3n Di\u00e9resis","og_description":"(Mexico City, 27 Feb 2016- 19 Jun 2016) Museo Tamayo","og_url":"https:\/\/dieresis.com\/en\/lets-walk-together-mario-garcia-torres-15-year-career\/","og_site_name":"Colecci\u00f3n Di\u00e9resis","article_published_time":"2016-02-27T07:42:23+00:00","article_modified_time":"2021-10-24T07:00:13+00:00","og_image":[{"width":600,"height":380,"url":"https:\/\/dieresis.com\/wp-content\/uploads\/2021\/10\/Caminar-Juntos-15-anos-de-trayectoria-de-Mario-Garcia-Torres.jpg","type":"image\/jpeg"}],"author":"dieradmesis","twitter_card":"summary_large_image","twitter_misc":{"Written by":"dieradmesis","Est. reading time":"1 minute"},"schema":{"@context":"https:\/\/schema.org","@graph":[{"@type":"WebPage","@id":"https:\/\/dieresis.com\/en\/lets-walk-together-mario-garcia-torres-15-year-career\/","url":"https:\/\/dieresis.com\/en\/lets-walk-together-mario-garcia-torres-15-year-career\/","name":"Let's walk together: Mario Garc\u00eda Torres' 15 year career - Colecci\u00f3n Di\u00e9resis","isPartOf":{"@id":"https:\/\/dieresis.com\/en\/#website"},"datePublished":"2016-02-27T07:42:23+00:00","dateModified":"2021-10-24T07:00:13+00:00","author":{"@id":"https:\/\/dieresis.com\/en\/#\/schema\/person\/f07ebb4a0bf70a8625b9c30b2b0c6f96"},"breadcrumb":{"@id":"https:\/\/dieresis.com\/en\/lets-walk-together-mario-garcia-torres-15-year-career\/#breadcrumb"},"inLanguage":"en-US","potentialAction":[{"@type":"ReadAction","target":["https:\/\/dieresis.com\/en\/lets-walk-together-mario-garcia-torres-15-year-career\/"]}]},{"@type":"BreadcrumbList","@id":"https:\/\/dieresis.com\/en\/lets-walk-together-mario-garcia-torres-15-year-career\/#breadcrumb","itemListElement":[{"@type":"ListItem","position":1,"name":"Home","item":"https:\/\/dieresis.com\/en\/"},{"@type":"ListItem","position":2,"name":"Let&#8217;s walk together: Mario Garc\u00eda Torres&#8217; 15 year career"}]},{"@type":"WebSite","@id":"https:\/\/dieresis.com\/en\/#website","url":"https:\/\/dieresis.com\/en\/","name":"Colecci\u00f3n Di\u00e9resis","description":"Arte Contempor\u00e1neo","potentialAction":[{"@type":"SearchAction","target":{"@type":"EntryPoint","urlTemplate":"https:\/\/dieresis.com\/en\/?s={search_term_string}"},"query-input":"required name=search_term_string"}],"inLanguage":"en-US"},{"@type":"Person","@id":"https:\/\/dieresis.com\/en\/#\/schema\/person\/f07ebb4a0bf70a8625b9c30b2b0c6f96","name":"dieradmesis","image":{"@type":"ImageObject","inLanguage":"en-US","@id":"https:\/\/dieresis.com\/en\/#\/schema\/person\/image\/","url":"https:\/\/secure.gravatar.com\/avatar\/f0e2d1fc01ac98fe842749657eaa45ec0df66ed605ccb8f6ece3012942796079?s=96&d=mm&r=g","contentUrl":"https:\/\/secure.gravatar.com\/avatar\/f0e2d1fc01ac98fe842749657eaa45ec0df66ed605ccb8f6ece3012942796079?s=96&d=mm&r=g","caption":"dieradmesis"},"sameAs":["https:\/\/dieresis.com"],"url":"https:\/\/dieresis.com\/en\/author\/dieradmesis\/"}]}},"_links":{"self":[{"href":"https:\/\/dieresis.com\/en\/wp-json\/wp\/v2\/posts\/266","targetHints":{"allow":["GET"]}}],"collection":[{"href":"https:\/\/dieresis.com\/en\/wp-json\/wp\/v2\/posts"}],"about":[{"href":"https:\/\/dieresis.com\/en\/wp-json\/wp\/v2\/types\/post"}],"author":[{"embeddable":true,"href":"https:\/\/dieresis.com\/en\/wp-json\/wp\/v2\/users\/2"}],"replies":[{"embeddable":true,"href":"https:\/\/dieresis.com\/en\/wp-json\/wp\/v2\/comments?post=266"}],"version-history":[{"count":6,"href":"https:\/\/dieresis.com\/en\/wp-json\/wp\/v2\/posts\/266\/revisions"}],"predecessor-version":[{"id":285,"href":"https:\/\/dieresis.com\/en\/wp-json\/wp\/v2\/posts\/266\/revisions\/285"}],"wp:featuredmedia":[{"embeddable":true,"href":"https:\/\/dieresis.com\/en\/wp-json\/wp\/v2\/media\/179"}],"wp:attachment":[{"href":"https:\/\/dieresis.com\/en\/wp-json\/wp\/v2\/media?parent=266"}],"wp:term":[{"taxonomy":"category","embeddable":true,"href":"https:\/\/dieresis.com\/en\/wp-json\/wp\/v2\/categories?post=266"},{"taxonomy":"post_tag","embeddable":true,"href":"https:\/\/dieresis.com\/en\/wp-json\/wp\/v2\/tags?post=266"}],"curies":[{"name":"wp","href":"https:\/\/api.w.org\/{rel}","templated":true}]}}