{"id":238,"date":"2017-03-17T00:00:38","date_gmt":"2017-03-17T06:00:38","guid":{"rendered":"https:\/\/dieresis.com\/tuan-andrew-nguyen-at-the-2017-whitney-biennial\/"},"modified":"2021-10-24T01:56:29","modified_gmt":"2021-10-24T06:56:29","slug":"tuan-andrew-nguyen-at-the-2017-whitney-biennial","status":"publish","type":"post","link":"https:\/\/dieresis.com\/en\/tuan-andrew-nguyen-at-the-2017-whitney-biennial\/","title":{"rendered":"Tuan Andrew Nguyen at the 2017 Whitney Biennial"},"content":{"rendered":"<!--themify_builder_content-->\n<div id=\"themify_builder_content-238\" data-postid=\"238\" class=\"themify_builder_content themify_builder_content-238 themify_builder tf_clear\">\n    \t\t\t<!-- module_row -->\n\t<div  data-lazy=\"1\" class=\"module_row themify_builder_row tb_k3rv253 tb_first tf_w tf_clearfix\">\n\t    \t\t\t<div class=\"row_inner col_align_top tb_col_count_2 tf_box tf_rel\">\n\t\t            <div  data-lazy=\"1\" class=\"module_column tb-column col4-2 tb_bkm1254 first\">\n                                                        <div class=\"tb-column-inner tf_box tf_w\">\n                        <!-- module gallery -->\n<div  class=\"module gallery module-gallery tb_gwuw985 layout-slider  \" data-lazy=\"1\">\n        <div class=\"tf_swiper-container tf_carousel themify_builder_slider tf_rel tf_overflow\"\n\tdata-pager=\"1\"\n\t data-lazy=\"1\"\t\t\tdata-thumbs=\"tb_gwuw985_thumbs\"\n\t\tdata-effect=\"fade\" \n\t\tdata-css_url=\"https:\/\/dieresis.com\/wp-content\/themes\/themify-ultra\/themify\/themify-builder\/css\/modules\/sliders\/carousel.css,https:\/\/dieresis.com\/wp-content\/themes\/themify-ultra\/themify\/themify-builder\/css\/modules\/sliders\/gallery.css\"\n\t\t\tdata-speed=\"1\"\n\tdata-wrapvar=\"1\"\n\tdata-slider_nav=\"0\"\n\tdata-height=\"variable\"\n\t\t>\n\t<div class=\"tf_swiper-wrapper tf_lazy tf_rel tf_w tf_h tf_textc\">\n\t\t\t\t\t<div class=\"tf_swiper-slide\">\n\t\t\t<div class=\"slide-inner-wrap\">\n\t\t\t\t<div class=\"tf_lazy slide-image gallery-icon\"><a href=\"https:\/\/dieresis.com\/wp-content\/uploads\/2021\/10\/Still-from-The-Island-Courtesy-of-the-artist-01.jpg\" class=\"themify_lightbox\"><img decoding=\"async\" width=\"850\" height=\"568\" src=\"https:\/\/dieresis.com\/wp-content\/uploads\/2021\/10\/Still-from-The-Island-Courtesy-of-the-artist-01.jpg\" class=\"wp-post-image wp-image-230\" title=\"Still from The Island. Courtesy of the artist.\" data-tf-not-load=\"1\" alt=\"Still from The Island. Courtesy of the artist.\" srcset=\"https:\/\/dieresis.com\/wp-content\/uploads\/2021\/10\/Still-from-The-Island-Courtesy-of-the-artist-01.jpg 850w, https:\/\/dieresis.com\/wp-content\/uploads\/2021\/10\/Still-from-The-Island-Courtesy-of-the-artist-01-300x200.jpg 300w, https:\/\/dieresis.com\/wp-content\/uploads\/2021\/10\/Still-from-The-Island-Courtesy-of-the-artist-01-768x513.jpg 768w\" sizes=\"(max-width: 850px) 100vw, 850px\" \/><\/a>\t\t\t\t<\/div>\n\t\t\t\t\t\t\t\t\t<div class=\"slide-content tf_opacity tf_texl tf_abs\">\n\t\t\t\t\t\t\n\t\t\t\t\t\t\t\t\t\t\t\t\t<p>Still from The Island. Courtesy of the artist.<\/p>\n\t\t\t\t\t\t\t\t\t\t\t<\/div><!-- \/slide-content -->\n\t\t\t\t\t\t\t<\/div><\/div>\n\t\t\t\t\t<div class=\"tf_swiper-slide\">\n\t\t\t<div class=\"slide-inner-wrap\">\n\t\t\t\t<div class=\"tf_lazy slide-image gallery-icon\"><a href=\"https:\/\/dieresis.com\/wp-content\/uploads\/2021\/10\/Still-from-The-Island-Courtesy-of-the-artist-02.jpg\" class=\"themify_lightbox\"><img decoding=\"async\" width=\"850\" height=\"567\" src=\"https:\/\/dieresis.com\/wp-content\/uploads\/2021\/10\/Still-from-The-Island-Courtesy-of-the-artist-02.jpg\" class=\"wp-post-image wp-image-232\" title=\"Still from The Island. Courtesy of the artist.\" data-tf-not-load=\"1\" alt=\"Still from The Island. Courtesy of the artist.\" srcset=\"https:\/\/dieresis.com\/wp-content\/uploads\/2021\/10\/Still-from-The-Island-Courtesy-of-the-artist-02.jpg 850w, https:\/\/dieresis.com\/wp-content\/uploads\/2021\/10\/Still-from-The-Island-Courtesy-of-the-artist-02-300x200.jpg 300w, https:\/\/dieresis.com\/wp-content\/uploads\/2021\/10\/Still-from-The-Island-Courtesy-of-the-artist-02-768x512.jpg 768w\" sizes=\"(max-width: 850px) 100vw, 850px\" \/><\/a>\t\t\t\t<\/div>\n\t\t\t\t\t\t\t\t\t<div class=\"slide-content tf_opacity tf_texl tf_abs\">\n\t\t\t\t\t\t\n\t\t\t\t\t\t\t\t\t\t\t\t\t<p>Still from The Island. Courtesy of the artist.<\/p>\n\t\t\t\t\t\t\t\t\t\t\t<\/div><!-- \/slide-content -->\n\t\t\t\t\t\t\t<\/div><\/div>\n\t\t\t\t\t<div class=\"tf_swiper-slide\">\n\t\t\t<div class=\"slide-inner-wrap\">\n\t\t\t\t<div class=\"tf_lazy slide-image gallery-icon\"><a href=\"https:\/\/dieresis.com\/wp-content\/uploads\/2021\/10\/Still-from-The-Island-Courtesy-of-the-artist-03.jpg\" class=\"themify_lightbox\"><img decoding=\"async\" width=\"850\" height=\"477\" src=\"https:\/\/dieresis.com\/wp-content\/uploads\/2021\/10\/Still-from-The-Island-Courtesy-of-the-artist-03.jpg\" class=\"wp-post-image wp-image-234\" title=\"Still from The Island. Courtesy of the artist.\" data-tf-not-load=\"1\" alt=\"Still from The Island. Courtesy of the artist.\" srcset=\"https:\/\/dieresis.com\/wp-content\/uploads\/2021\/10\/Still-from-The-Island-Courtesy-of-the-artist-03.jpg 850w, https:\/\/dieresis.com\/wp-content\/uploads\/2021\/10\/Still-from-The-Island-Courtesy-of-the-artist-03-300x168.jpg 300w, https:\/\/dieresis.com\/wp-content\/uploads\/2021\/10\/Still-from-The-Island-Courtesy-of-the-artist-03-768x431.jpg 768w\" sizes=\"(max-width: 850px) 100vw, 850px\" \/><\/a>\t\t\t\t<\/div>\n\t\t\t\t\t\t\t\t\t<div class=\"slide-content tf_opacity tf_texl tf_abs\">\n\t\t\t\t\t\t\n\t\t\t\t\t\t\t\t\t\t\t\t\t<p>Still from The Island. Courtesy of the artist.<\/p>\n\t\t\t\t\t\t\t\t\t\t\t<\/div><!-- \/slide-content -->\n\t\t\t\t\t\t\t<\/div><\/div>\n\t\t\t\t\t<div class=\"tf_swiper-slide\">\n\t\t\t<div class=\"slide-inner-wrap\">\n\t\t\t\t<div class=\"tf_lazy slide-image gallery-icon\"><a href=\"https:\/\/dieresis.com\/wp-content\/uploads\/2021\/10\/Still-from-The-Island-Courtesy-of-the-artist-04.jpg\" class=\"themify_lightbox\"><img decoding=\"async\" width=\"850\" height=\"477\" src=\"https:\/\/dieresis.com\/wp-content\/uploads\/2021\/10\/Still-from-The-Island-Courtesy-of-the-artist-04.jpg\" class=\"wp-post-image wp-image-236\" title=\"Still from The Island. Courtesy of the artist.\" data-tf-not-load=\"1\" alt=\"Still from The Island. Courtesy of the artist.\" srcset=\"https:\/\/dieresis.com\/wp-content\/uploads\/2021\/10\/Still-from-The-Island-Courtesy-of-the-artist-04.jpg 850w, https:\/\/dieresis.com\/wp-content\/uploads\/2021\/10\/Still-from-The-Island-Courtesy-of-the-artist-04-300x168.jpg 300w, https:\/\/dieresis.com\/wp-content\/uploads\/2021\/10\/Still-from-The-Island-Courtesy-of-the-artist-04-768x431.jpg 768w\" sizes=\"(max-width: 850px) 100vw, 850px\" \/><\/a>\t\t\t\t<\/div>\n\t\t\t\t\t\t\t\t\t<div class=\"slide-content tf_opacity tf_texl tf_abs\">\n\t\t\t\t\t\t\n\t\t\t\t\t\t\t\t\t\t\t\t\t<p>Still from The Island. Courtesy of the artist.<\/p>\n\t\t\t\t\t\t\t\t\t\t\t<\/div><!-- \/slide-content -->\n\t\t\t\t\t\t\t<\/div><\/div>\n\t\t\t<\/div>\n<\/div>\n    <\/div>\n<!-- \/module gallery -->                    <\/div><!-- .tb-column-inner -->\n                            <\/div><!-- .module_column -->\n                        <div  data-lazy=\"1\" class=\"module_column tb-column col4-2 tb_iwnj235 last\">\n                                                        <div class=\"tb-column-inner tf_box tf_w\">\n                        <!-- module text -->\n<div  class=\"module module-text tb_d0ge61   \" data-lazy=\"1\">\n        <div  class=\"tb_text_wrap\">\n    <h2><em>Tuan Andrew Nguyen at the 2017 Whitney Biennial<\/em><br \/>(New York, March 17\u2013June 11, 2017)<br \/>Whitney Museum of American Art<\/h2><p>The 2017 Whitney Biennial, the seventy-eighth installment of the longest-running survey of American art, arrives at a time rife with racial tensions, economic inequities, and polarizing politics. Throughout the exhibition, artists challenge us to consider how these realities affect our senses of self and community. The Biennial features sixty-three individuals and collectives whose work takes a wide variety of forms, from painting and installation to activism and video-game design.<\/p><p>The formation of self and the individual\u2019s place in a turbulent society are among the key themes reflected in the work of the artists selected for the 2017 Whitney Biennial. The Whitney Biennial is the longest running survey of contemporary art in the United States, with a history of exhibiting the most promising and influential artists and provoking lively debate.<br \/>The 2017 Whitney Biennial is co-curated by Christopher Y. Lew and Mia Locks.<br \/>The film program is organized by Christopher Y. Lew, Mia Locks, and Aily Nash.<br \/>Tuan Andrew Nguyen\u2019s film takes place in a dystopian future in which the last man on earth- having escaped forced repatriation to Vietnam- finds a United Nations scientist who has washed ashore after the world\u2019s last nuclear battle. By weaving together footage from Bidong\u2019s past with a narrative set in its future, Nguyen questions the individual\u2019s relationship to history, trauma, nationhood, and displacement. (http:\/\/whitney.org\/Exhibitions\/2017Biennial)<\/p><p>The Island, 2017, coproduced by Colecci\u00f3n Di\u00e9resis, The Burger Collection and Other World Post.<br \/>On View: Floor 5<\/p><div class=\"small-body\"><a href=\"http:\/\/whitney.org\/Exhibitions\/2017Biennial\" target=\"_blank\" rel=\"noopener\">More Information<\/a><\/div>    <\/div>\n<\/div>\n<!-- \/module text -->                    <\/div><!-- .tb-column-inner -->\n                            <\/div><!-- .module_column -->\n            \t    <\/div><!-- .row_inner -->\n\t<\/div><!-- .module_row -->\n\t<\/div>\n<!--\/themify_builder_content-->","protected":false},"excerpt":{"rendered":"<p>(New York, March 17\u2013June 11, 2017)<br \/>\nWhitney Museum of American Art<\/p>\n","protected":false},"author":2,"featured_media":199,"comment_status":"open","ping_status":"open","sticky":false,"template":"","format":"standard","meta":{"footnotes":""},"categories":[11],"tags":[],"class_list":["post-238","post","type-post","status-publish","format-standard","has-post-thumbnail","hentry","category-news","has-post-title","has-post-date","has-post-category","has-post-tag","has-post-comment","has-post-author",""],"yoast_head":"<!-- This site is optimized with the Yoast SEO plugin v20.10 - https:\/\/yoast.com\/wordpress\/plugins\/seo\/ -->\n<title>Tuan Andrew Nguyen at the 2017 Whitney Biennial - Colecci\u00f3n Di\u00e9resis<\/title>\n<meta name=\"robots\" content=\"index, follow, max-snippet:-1, max-image-preview:large, max-video-preview:-1\" \/>\n<link rel=\"canonical\" href=\"https:\/\/dieresis.com\/en\/tuan-andrew-nguyen-at-the-2017-whitney-biennial\/\" \/>\n<meta property=\"og:locale\" content=\"en_US\" \/>\n<meta property=\"og:type\" content=\"article\" \/>\n<meta property=\"og:title\" content=\"Tuan Andrew Nguyen at the 2017 Whitney Biennial - Colecci\u00f3n Di\u00e9resis\" \/>\n<meta property=\"og:description\" content=\"(New York, March 17\u2013June 11, 2017) Whitney Museum of American Art\" \/>\n<meta property=\"og:url\" content=\"https:\/\/dieresis.com\/en\/tuan-andrew-nguyen-at-the-2017-whitney-biennial\/\" \/>\n<meta property=\"og:site_name\" content=\"Colecci\u00f3n Di\u00e9resis\" \/>\n<meta property=\"article:published_time\" content=\"2017-03-17T06:00:38+00:00\" \/>\n<meta property=\"article:modified_time\" content=\"2021-10-24T06:56:29+00:00\" \/>\n<meta property=\"og:image\" content=\"https:\/\/dieresis.com\/wp-content\/uploads\/2021\/10\/Tuan-Andrew-Nguyen-at-the-2017-Whitney-Biennial.jpg\" \/>\n\t<meta property=\"og:image:width\" content=\"600\" \/>\n\t<meta property=\"og:image:height\" content=\"380\" \/>\n\t<meta property=\"og:image:type\" content=\"image\/jpeg\" \/>\n<meta name=\"author\" content=\"dieradmesis\" \/>\n<meta name=\"twitter:card\" content=\"summary_large_image\" \/>\n<meta name=\"twitter:label1\" content=\"Written by\" \/>\n\t<meta name=\"twitter:data1\" content=\"dieradmesis\" \/>\n\t<meta name=\"twitter:label2\" content=\"Est. reading time\" \/>\n\t<meta name=\"twitter:data2\" content=\"2 minutes\" \/>\n<script type=\"application\/ld+json\" class=\"yoast-schema-graph\">{\"@context\":\"https:\/\/schema.org\",\"@graph\":[{\"@type\":\"WebPage\",\"@id\":\"https:\/\/dieresis.com\/en\/tuan-andrew-nguyen-at-the-2017-whitney-biennial\/\",\"url\":\"https:\/\/dieresis.com\/en\/tuan-andrew-nguyen-at-the-2017-whitney-biennial\/\",\"name\":\"Tuan Andrew Nguyen at the 2017 Whitney Biennial - Colecci\u00f3n Di\u00e9resis\",\"isPartOf\":{\"@id\":\"https:\/\/dieresis.com\/en\/#website\"},\"datePublished\":\"2017-03-17T06:00:38+00:00\",\"dateModified\":\"2021-10-24T06:56:29+00:00\",\"author\":{\"@id\":\"https:\/\/dieresis.com\/en\/#\/schema\/person\/f07ebb4a0bf70a8625b9c30b2b0c6f96\"},\"breadcrumb\":{\"@id\":\"https:\/\/dieresis.com\/en\/tuan-andrew-nguyen-at-the-2017-whitney-biennial\/#breadcrumb\"},\"inLanguage\":\"en-US\",\"potentialAction\":[{\"@type\":\"ReadAction\",\"target\":[\"https:\/\/dieresis.com\/en\/tuan-andrew-nguyen-at-the-2017-whitney-biennial\/\"]}]},{\"@type\":\"BreadcrumbList\",\"@id\":\"https:\/\/dieresis.com\/en\/tuan-andrew-nguyen-at-the-2017-whitney-biennial\/#breadcrumb\",\"itemListElement\":[{\"@type\":\"ListItem\",\"position\":1,\"name\":\"Home\",\"item\":\"https:\/\/dieresis.com\/en\/\"},{\"@type\":\"ListItem\",\"position\":2,\"name\":\"Tuan Andrew Nguyen at the 2017 Whitney Biennial\"}]},{\"@type\":\"WebSite\",\"@id\":\"https:\/\/dieresis.com\/en\/#website\",\"url\":\"https:\/\/dieresis.com\/en\/\",\"name\":\"Colecci\u00f3n Di\u00e9resis\",\"description\":\"Arte Contempor\u00e1neo\",\"potentialAction\":[{\"@type\":\"SearchAction\",\"target\":{\"@type\":\"EntryPoint\",\"urlTemplate\":\"https:\/\/dieresis.com\/en\/?s={search_term_string}\"},\"query-input\":\"required name=search_term_string\"}],\"inLanguage\":\"en-US\"},{\"@type\":\"Person\",\"@id\":\"https:\/\/dieresis.com\/en\/#\/schema\/person\/f07ebb4a0bf70a8625b9c30b2b0c6f96\",\"name\":\"dieradmesis\",\"image\":{\"@type\":\"ImageObject\",\"inLanguage\":\"en-US\",\"@id\":\"https:\/\/dieresis.com\/en\/#\/schema\/person\/image\/\",\"url\":\"https:\/\/secure.gravatar.com\/avatar\/f0e2d1fc01ac98fe842749657eaa45ec0df66ed605ccb8f6ece3012942796079?s=96&d=mm&r=g\",\"contentUrl\":\"https:\/\/secure.gravatar.com\/avatar\/f0e2d1fc01ac98fe842749657eaa45ec0df66ed605ccb8f6ece3012942796079?s=96&d=mm&r=g\",\"caption\":\"dieradmesis\"},\"sameAs\":[\"https:\/\/dieresis.com\"],\"url\":\"https:\/\/dieresis.com\/en\/author\/dieradmesis\/\"}]}<\/script>\n<!-- \/ Yoast SEO plugin. -->","yoast_head_json":{"title":"Tuan Andrew Nguyen at the 2017 Whitney Biennial - Colecci\u00f3n Di\u00e9resis","robots":{"index":"index","follow":"follow","max-snippet":"max-snippet:-1","max-image-preview":"max-image-preview:large","max-video-preview":"max-video-preview:-1"},"canonical":"https:\/\/dieresis.com\/en\/tuan-andrew-nguyen-at-the-2017-whitney-biennial\/","og_locale":"en_US","og_type":"article","og_title":"Tuan Andrew Nguyen at the 2017 Whitney Biennial - Colecci\u00f3n Di\u00e9resis","og_description":"(New York, March 17\u2013June 11, 2017) Whitney Museum of American Art","og_url":"https:\/\/dieresis.com\/en\/tuan-andrew-nguyen-at-the-2017-whitney-biennial\/","og_site_name":"Colecci\u00f3n Di\u00e9resis","article_published_time":"2017-03-17T06:00:38+00:00","article_modified_time":"2021-10-24T06:56:29+00:00","og_image":[{"width":600,"height":380,"url":"https:\/\/dieresis.com\/wp-content\/uploads\/2021\/10\/Tuan-Andrew-Nguyen-at-the-2017-Whitney-Biennial.jpg","type":"image\/jpeg"}],"author":"dieradmesis","twitter_card":"summary_large_image","twitter_misc":{"Written by":"dieradmesis","Est. reading time":"2 minutes"},"schema":{"@context":"https:\/\/schema.org","@graph":[{"@type":"WebPage","@id":"https:\/\/dieresis.com\/en\/tuan-andrew-nguyen-at-the-2017-whitney-biennial\/","url":"https:\/\/dieresis.com\/en\/tuan-andrew-nguyen-at-the-2017-whitney-biennial\/","name":"Tuan Andrew Nguyen at the 2017 Whitney Biennial - Colecci\u00f3n Di\u00e9resis","isPartOf":{"@id":"https:\/\/dieresis.com\/en\/#website"},"datePublished":"2017-03-17T06:00:38+00:00","dateModified":"2021-10-24T06:56:29+00:00","author":{"@id":"https:\/\/dieresis.com\/en\/#\/schema\/person\/f07ebb4a0bf70a8625b9c30b2b0c6f96"},"breadcrumb":{"@id":"https:\/\/dieresis.com\/en\/tuan-andrew-nguyen-at-the-2017-whitney-biennial\/#breadcrumb"},"inLanguage":"en-US","potentialAction":[{"@type":"ReadAction","target":["https:\/\/dieresis.com\/en\/tuan-andrew-nguyen-at-the-2017-whitney-biennial\/"]}]},{"@type":"BreadcrumbList","@id":"https:\/\/dieresis.com\/en\/tuan-andrew-nguyen-at-the-2017-whitney-biennial\/#breadcrumb","itemListElement":[{"@type":"ListItem","position":1,"name":"Home","item":"https:\/\/dieresis.com\/en\/"},{"@type":"ListItem","position":2,"name":"Tuan Andrew Nguyen at the 2017 Whitney Biennial"}]},{"@type":"WebSite","@id":"https:\/\/dieresis.com\/en\/#website","url":"https:\/\/dieresis.com\/en\/","name":"Colecci\u00f3n Di\u00e9resis","description":"Arte Contempor\u00e1neo","potentialAction":[{"@type":"SearchAction","target":{"@type":"EntryPoint","urlTemplate":"https:\/\/dieresis.com\/en\/?s={search_term_string}"},"query-input":"required name=search_term_string"}],"inLanguage":"en-US"},{"@type":"Person","@id":"https:\/\/dieresis.com\/en\/#\/schema\/person\/f07ebb4a0bf70a8625b9c30b2b0c6f96","name":"dieradmesis","image":{"@type":"ImageObject","inLanguage":"en-US","@id":"https:\/\/dieresis.com\/en\/#\/schema\/person\/image\/","url":"https:\/\/secure.gravatar.com\/avatar\/f0e2d1fc01ac98fe842749657eaa45ec0df66ed605ccb8f6ece3012942796079?s=96&d=mm&r=g","contentUrl":"https:\/\/secure.gravatar.com\/avatar\/f0e2d1fc01ac98fe842749657eaa45ec0df66ed605ccb8f6ece3012942796079?s=96&d=mm&r=g","caption":"dieradmesis"},"sameAs":["https:\/\/dieresis.com"],"url":"https:\/\/dieresis.com\/en\/author\/dieradmesis\/"}]}},"_links":{"self":[{"href":"https:\/\/dieresis.com\/en\/wp-json\/wp\/v2\/posts\/238","targetHints":{"allow":["GET"]}}],"collection":[{"href":"https:\/\/dieresis.com\/en\/wp-json\/wp\/v2\/posts"}],"about":[{"href":"https:\/\/dieresis.com\/en\/wp-json\/wp\/v2\/types\/post"}],"author":[{"embeddable":true,"href":"https:\/\/dieresis.com\/en\/wp-json\/wp\/v2\/users\/2"}],"replies":[{"embeddable":true,"href":"https:\/\/dieresis.com\/en\/wp-json\/wp\/v2\/comments?post=238"}],"version-history":[{"count":5,"href":"https:\/\/dieresis.com\/en\/wp-json\/wp\/v2\/posts\/238\/revisions"}],"predecessor-version":[{"id":280,"href":"https:\/\/dieresis.com\/en\/wp-json\/wp\/v2\/posts\/238\/revisions\/280"}],"wp:featuredmedia":[{"embeddable":true,"href":"https:\/\/dieresis.com\/en\/wp-json\/wp\/v2\/media\/199"}],"wp:attachment":[{"href":"https:\/\/dieresis.com\/en\/wp-json\/wp\/v2\/media?parent=238"}],"wp:term":[{"taxonomy":"category","embeddable":true,"href":"https:\/\/dieresis.com\/en\/wp-json\/wp\/v2\/categories?post=238"},{"taxonomy":"post_tag","embeddable":true,"href":"https:\/\/dieresis.com\/en\/wp-json\/wp\/v2\/tags?post=238"}],"curies":[{"name":"wp","href":"https:\/\/api.w.org\/{rel}","templated":true}]}}